{"id":57142,"date":"2022-06-11T19:20:38","date_gmt":"2022-06-11T22:20:38","guid":{"rendered":"https:\/\/www.centraldenoticias.com.ar\/?p=57142"},"modified":"2022-06-11T19:20:38","modified_gmt":"2022-06-11T22:20:38","slug":"el-atleta-olimpico-german-lauro-dara-una-charla-en-olavarria","status":"publish","type":"post","link":"https:\/\/cdnoticias.com\/index.php\/2022\/06\/11\/el-atleta-olimpico-german-lauro-dara-una-charla-en-olavarria\/","title":{"rendered":"El atleta ol\u00edmpico Germ\u00e1n Lauro dar\u00e1 una charla en Olavarr\u00eda"},"content":{"rendered":"<p>Ser\u00e1 este lunes desde las 19:00 horas en el Club Pueblo Nuevo. Es organizada por la Fundaci\u00f3n Poder Buenos Aires, usina de ideas del radicalismo bonaerense. <!--more--><\/p>\n<hr \/>\n<p>Este <strong>lunes desde las 19:00 horas llegar\u00e1 a Olavarr\u00eda el hist\u00f3rico atleta ol\u00edmpico Germ\u00e1n Lauro.<\/strong> Dar\u00e1 una charla en el Club Pueblo Nuevo en el marco de una actividad organizada por la Fundaci\u00f3n Poder Buenos Aires.<\/p>\n<p>&nbsp;<\/p>\n<p>Cabe se\u00f1alar que <strong>el oriundo de Trenque Lauquen dio el salto a la pol\u00edtica en la Uni\u00f3n C\u00edvica Radical<\/strong>, y su llegada est\u00e1 enmarcada<em> \u201cen la construcci\u00f3n de pol\u00edtica deportiva para la provincia a trav\u00e9s de la Fundaci\u00f3n PODER Buenos Aires, usina de ideas del radicalismo bonaerense\u201d.<\/em><\/p>\n<p>&nbsp;<\/p>\n<p><strong>Lauro brindar\u00e1 una charla abierta a todo p\u00fablico en el Sal\u00f3n del Club Pueblo Nuevo (Necochea esquina Chacabuco).<\/strong> La tem\u00e1tica que abordar\u00e1 la misma ser\u00e1 su experiencia personal, la actualidad del deporte amateur y las posibilidades de financiamiento por parte de la provincia de Buenos Aires.<\/p>\n<p>&nbsp;<\/p>\n<p>Cabe recordar que <strong>Lauro es ex atleta y \u201cleyenda del atletismo bonaerense&#8221;<\/strong>, mejor ubicaci\u00f3n en el historial de los Mundiales; finalista, en forma consecutiva, de las ediciones de 2012 a 2016; particip\u00f3 en los Juegos Ol\u00edmpicos Pek\u00edn 2008, Londres 2012 y R\u00edo 2016, alcanzando el 6\u00b0 puesto en 2012.<\/p>\n<p>&nbsp;<\/p>\n<p>Tambi\u00e9n obtuvo dos premios Konex: uno en 2010 y otro de Platino en 2020 como Atleta de la d\u00e9cada.<\/p>\n","protected":false},"excerpt":{"rendered":"<p>Ser\u00e1 este lunes desde las 19:00 horas en el Club Pueblo Nuevo. Es organizada por la Fundaci\u00f3n Poder Buenos Aires,<\/p>\n","protected":false},"author":2,"featured_media":57143,"comment_status":"closed","ping_status":"closed","sticky":false,"template":"","format":"standard","meta":{"_jetpack_memberships_contains_paid_content":false,"footnotes":""},"categories":[5,1],"tags":[],"class_list":["post-57142","post","type-post","status-publish","format-standard","has-post-thumbnail","hentry","category-informacion-general","category-portada"],"jetpack_featured_media_url":"https:\/\/i0.wp.com\/cdnoticias.com\/wp-content\/uploads\/2022\/06\/WhatsApp-Image-2022-06-11-at-5.36.46-PM.jpeg?fit=768%2C512&ssl=1","jetpack_sharing_enabled":true,"_links":{"self":[{"href":"https:\/\/cdnoticias.com\/index.php\/wp-json\/wp\/v2\/posts\/57142","targetHints":{"allow":["GET"]}}],"collection":[{"href":"https:\/\/cdnoticias.com\/index.php\/wp-json\/wp\/v2\/posts"}],"about":[{"href":"https:\/\/cdnoticias.com\/index.php\/wp-json\/wp\/v2\/types\/post"}],"author":[{"embeddable":true,"href":"https:\/\/cdnoticias.com\/index.php\/wp-json\/wp\/v2\/users\/2"}],"replies":[{"embeddable":true,"href":"https:\/\/cdnoticias.com\/index.php\/wp-json\/wp\/v2\/comments?post=57142"}],"version-history":[{"count":0,"href":"https:\/\/cdnoticias.com\/index.php\/wp-json\/wp\/v2\/posts\/57142\/revisions"}],"wp:featuredmedia":[{"embeddable":true,"href":"https:\/\/cdnoticias.com\/index.php\/wp-json\/wp\/v2\/media\/57143"}],"wp:attachment":[{"href":"https:\/\/cdnoticias.com\/index.php\/wp-json\/wp\/v2\/media?parent=57142"}],"wp:term":[{"taxonomy":"category","embeddable":true,"href":"https:\/\/cdnoticias.com\/index.php\/wp-json\/wp\/v2\/categories?post=57142"},{"taxonomy":"post_tag","embeddable":true,"href":"https:\/\/cdnoticias.com\/index.php\/wp-json\/wp\/v2\/tags?post=57142"}],"curies":[{"name":"wp","href":"https:\/\/api.w.org\/{rel}","templated":true}]}}