{"id":57103,"date":"2022-06-11T19:15:23","date_gmt":"2022-06-11T22:15:23","guid":{"rendered":"https:\/\/www.centraldenoticias.com.ar\/?p=57103"},"modified":"2022-06-11T19:57:22","modified_gmt":"2022-06-11T22:57:22","slug":"en-julio-skay-y-los-fakires-se-presentaran-en-olavarria","status":"publish","type":"post","link":"https:\/\/cdnoticias.com\/index.php\/2022\/06\/11\/en-julio-skay-y-los-fakires-se-presentaran-en-olavarria\/","title":{"rendered":"En julio, Skay y Los Fakires se presentar\u00e1n en Olavarr\u00eda"},"content":{"rendered":"<p>Brindar\u00e1n un show el 9 de julio en el Club Estudiantes. Las entradas se encuentran a la venta.<!--more--><\/p>\n<hr \/>\n<p>Skay Beilinson, junto a su grupo Los Fakires, se presentar\u00e1n en Olavarr\u00eda el pr\u00f3ximo<strong> 9 de julio a las 20:00.<\/strong> El m\u00edtico m\u00fasico se subir\u00e1 a un escenario montado en el Club Estudiantes a casi dos d\u00e9cadas de su camino solista tras la disoluci\u00f3n de Patricio Rey y Los Redonditos de Ricota.<\/p>\n<p>&nbsp;<\/p>\n<p>El <strong>guitarrista, compositor y cantante<\/strong> tiene un lugar preponderante en la escena del rock argentino y un amplio repertorio como solista, apoyado en una banda consistente y un p\u00fablico fiel.<\/p>\n<p>&nbsp;<\/p>\n<p>Eduardo Beilinson, reconocido c\u00f3mo un verdadero torbellino de rock arriba de los escenarios, sigue adelante y en continua<strong> construcci\u00f3n de nuevos senderos a trav\u00e9s de sus creaciones.<\/strong><br \/>\nSiendo sin dudas uno de los guitarristas m\u00e1s originales de la m\u00fasica argentina y, esencialmente, un ser espiritual, los sonidos de Skay son \u00fanicos. Acompa\u00f1ados de un ADN musical inigualable que recorre diversos territorios.<\/p>\n<p>&nbsp;<\/p>\n<p>Por haber sido uno de los fundadores de la m\u00edtica banda Patricio Rey y sus Redonditos de Ricota, la gente lo considera \u201cel coraz\u00f3n del Patricio Rey\u201d, pero <strong>Skay ha sabido reinventarse de manera constante, siendo un viajero interior, zen a su manera, hippie incorruptible y suspendido en un limbo que queda lejos de eso que llaman realidad.<\/strong><\/p>\n<p>&nbsp;<\/p>\n<p>Con Los Fakires, su banda potente y minimalista, Skay deja de lado cualquier artificio para potenciar la m\u00fasica. Acompa\u00f1ado por <strong>Claudio Quartero, Joaqu\u00edn Rosson y Leandro S\u00e1nchez,<\/strong> la banda logra conquistar a su p\u00fablico fiel con la intensidad y \u00e9xtasis colectivo propio de su propuesta art\u00edstica.<\/p>\n<p>&nbsp;<\/p>\n<p>El pr\u00f3ximo s\u00e1bado 9 de julio, Skay y los Fakires se presentar\u00e1n en el Club Estudiantes de Olavarr\u00eda, ubicado en avenida Del Valle y Lavalle.<\/p>\n<p>&nbsp;<\/p>\n<p><img data-recalc-dims=\"1\" loading=\"lazy\" decoding=\"async\" class=\"alignnone size-large wp-image-57106\" src=\"https:\/\/i0.wp.com\/cdnoticias.com\/wp-content\/uploads\/2022\/06\/Skay01.jpg?resize=800%2C445&#038;ssl=1\" alt=\"\" width=\"800\" height=\"445\" srcset=\"https:\/\/i0.wp.com\/cdnoticias.com\/wp-content\/uploads\/2022\/06\/Skay01.jpg?resize=1024%2C570&amp;ssl=1 1024w, https:\/\/i0.wp.com\/cdnoticias.com\/wp-content\/uploads\/2022\/06\/Skay01.jpg?resize=300%2C167&amp;ssl=1 300w, https:\/\/i0.wp.com\/cdnoticias.com\/wp-content\/uploads\/2022\/06\/Skay01.jpg?resize=768%2C428&amp;ssl=1 768w, https:\/\/i0.wp.com\/cdnoticias.com\/wp-content\/uploads\/2022\/06\/Skay01.jpg?resize=1536%2C855&amp;ssl=1 1536w, https:\/\/i0.wp.com\/cdnoticias.com\/wp-content\/uploads\/2022\/06\/Skay01.jpg?resize=800%2C445&amp;ssl=1 800w, https:\/\/i0.wp.com\/cdnoticias.com\/wp-content\/uploads\/2022\/06\/Skay01.jpg?w=2048&amp;ssl=1 2048w, https:\/\/i0.wp.com\/cdnoticias.com\/wp-content\/uploads\/2022\/06\/Skay01.jpg?w=1600&amp;ssl=1 1600w\" sizes=\"auto, (max-width: 800px) 100vw, 800px\" \/><\/p>\n<p>&nbsp;<\/p>\n<p>Las entradas se encuentran a la venta en www.articket.com.ar y en distintos puntos y ciudades.<\/p>\n<p>&nbsp;<\/p>\n<p><strong>Olavarr\u00eda:<\/strong> Afrodita-Necochea 2725<\/p>\n<p><strong>Azul:<\/strong> Disquer\u00eda Liverpool- Moreno 626<\/p>\n<p><strong>Tandil:<\/strong> Manhattan -Chacabuco 873<\/p>\n<p><strong>Bol\u00edvar:<\/strong> Almendra -Av. Calfucur\u00e1 75.<\/p>\n<p>&nbsp;<\/p>\n<div class=\"jetpack-video-wrapper\"><iframe loading=\"lazy\" title=\"Criminal Mambo Skay y los Fakires Estadio Arena 20\/11\/21\" width=\"800\" height=\"450\" src=\"https:\/\/www.youtube.com\/embed\/D-GKPww_wwM?feature=oembed\" frameborder=\"0\" allow=\"accelerometer; autoplay; clipboard-write; encrypted-media; gyroscope; picture-in-picture\" allowfullscreen><\/iframe><\/div>\n<p>&nbsp;<\/p>\n<p><strong>Discograf\u00eda<\/strong><\/p>\n<p>&nbsp;<\/p>\n<p>Su primer disco solista fue editado en 2002, acompa\u00f1ado por Daniel Colombres en bater\u00eda y Claudio Cuartero en bajo, con producci\u00f3n de la Negra Poly. &#8220;A trav\u00e9s del Mar de los Sargazos&#8221; (2002) est\u00e1 conformado por canciones que fueron quedando fuera de los discos de los Redondos. Con Colombres, Cuartero, Oscar Reyna (guitarra) y Javier Lecumberry (teclados) avanz\u00f3 sobre &#8220;Talism\u00e1n&#8221; (2004), una placa de once temas de su autor\u00eda y un track, &#8220;Boggart Blues&#8221;, compuesto a d\u00fao con Claudio Kleiman. En 2007 lanz\u00f3 su tercer \u00e1lbum, llamado &#8220;La Marca de Ca\u00edn&#8221;. La banda fue rebautizada como Skay y los Seguidores de la Diosa Kali, con modificaciones en el grupo original: Daniel Colombres dej\u00f3 el puesto de baterista y fue reemplazado por Mauricio Topo Esp\u00edndola.<\/p>\n<p>&nbsp;<\/p>\n<p>En 2010 sali\u00f3 a la venta su cuarto \u00e1lbum, &#8220;\u00bfD\u00f3nde vas?&#8221;, integrado por once canciones. Y dos a\u00f1os m\u00e1s tarde (2012) la banda pasa a llamarse Skay y Los Fakires integrada por Oscar Reyna en guitarra, Claudio Quartero en bajo, Javier Lecumberry en teclados y &#8220;Topo&#8221; Esp\u00edndola en bater\u00eda. Llegado el 2013 con su nueva formaci\u00f3n graba su quinto trabajo: &#8220;La Luna Hueca\u201d.<\/p>\n<p>&nbsp;<\/p>\n<p>Para 2016, Skay y los Fakires editaron su sexto \u00e1lbum como solista llamado &#8220;El Engranaje de Cristal&#8221;. Y en agosto de 2019, en plena \u00e9poca de pandemia, sale a la luz su s\u00e9ptimo \u00e1lbum &#8220;En el coraz\u00f3n del laberinto&#8221;.<\/p>\n<p>&nbsp;<\/p>\n<p>Los \u00faltimos trabajos de la banda fueron singles: el 23 de diciembre de 2020 edita el single &#8220;Corre, corre, corre&#8221;, en abril del 2021 lanza &#8220;Carousel&#8221;, a finales de mayo presenta &#8220;Olas&#8221;, seguido por &#8220;El candor de las bestias&#8221; y &#8220;Otras puertas otros mundos&#8221;. Y finalmente, el 15 de enero de 2022 public\u00f3 &#8220;La trama invisible&#8221;<\/p>\n","protected":false},"excerpt":{"rendered":"<p>Brindar\u00e1n un show el 9 de julio en el Club Estudiantes. Las entradas se encuentran a la venta.<\/p>\n","protected":false},"author":2,"featured_media":57105,"comment_status":"closed","ping_status":"closed","sticky":false,"template":"","format":"standard","meta":{"_jetpack_memberships_contains_paid_content":false,"footnotes":""},"categories":[9,1],"tags":[],"class_list":["post-57103","post","type-post","status-publish","format-standard","has-post-thumbnail","hentry","category-cultura","category-portada"],"jetpack_featured_media_url":"https:\/\/i0.wp.com\/cdnoticias.com\/wp-content\/uploads\/2022\/06\/Skay02.jpg?fit=2048%2C1140&ssl=1","jetpack_sharing_enabled":true,"_links":{"self":[{"href":"https:\/\/cdnoticias.com\/index.php\/wp-json\/wp\/v2\/posts\/57103","targetHints":{"allow":["GET"]}}],"collection":[{"href":"https:\/\/cdnoticias.com\/index.php\/wp-json\/wp\/v2\/posts"}],"about":[{"href":"https:\/\/cdnoticias.com\/index.php\/wp-json\/wp\/v2\/types\/post"}],"author":[{"embeddable":true,"href":"https:\/\/cdnoticias.com\/index.php\/wp-json\/wp\/v2\/users\/2"}],"replies":[{"embeddable":true,"href":"https:\/\/cdnoticias.com\/index.php\/wp-json\/wp\/v2\/comments?post=57103"}],"version-history":[{"count":0,"href":"https:\/\/cdnoticias.com\/index.php\/wp-json\/wp\/v2\/posts\/57103\/revisions"}],"wp:featuredmedia":[{"embeddable":true,"href":"https:\/\/cdnoticias.com\/index.php\/wp-json\/wp\/v2\/media\/57105"}],"wp:attachment":[{"href":"https:\/\/cdnoticias.com\/index.php\/wp-json\/wp\/v2\/media?parent=57103"}],"wp:term":[{"taxonomy":"category","embeddable":true,"href":"https:\/\/cdnoticias.com\/index.php\/wp-json\/wp\/v2\/categories?post=57103"},{"taxonomy":"post_tag","embeddable":true,"href":"https:\/\/cdnoticias.com\/index.php\/wp-json\/wp\/v2\/tags?post=57103"}],"curies":[{"name":"wp","href":"https:\/\/api.w.org\/{rel}","templated":true}]}}