{"id":57095,"date":"2022-06-10T21:25:28","date_gmt":"2022-06-11T00:25:28","guid":{"rendered":"https:\/\/www.centraldenoticias.com.ar\/?p=57095"},"modified":"2022-06-11T08:36:45","modified_gmt":"2022-06-11T11:36:45","slug":"por-la-muerte-de-daiana-abregu-removieron-a-la-cupula-policial-de-laprida","status":"publish","type":"post","link":"https:\/\/cdnoticias.com\/index.php\/2022\/06\/10\/por-la-muerte-de-daiana-abregu-removieron-a-la-cupula-policial-de-laprida\/","title":{"rendered":"Por la muerte de Daiana Abregu, removieron a la c\u00fapula policial de Laprida"},"content":{"rendered":"<p>Tras movilizaciones, dudas y cuestionamientos hacia el accionar policial, todas las autoridades de la vecina ciudad fueron removidas mientras avanza la investigaci\u00f3n. <!--more--><\/p>\n<hr \/>\n<p>Tras la <strong>muerte dudosa de la joven Daiana Abregu en un calabozo en la Comisar\u00eda de Laprida, se conoci\u00f3 la remoci\u00f3n de la c\u00fapula policial del vecino distrito.<\/strong> Hubo en paralelo movilizaciones, m\u00e1s dudas y cuestionamientos por el presunto suicidio.<\/p>\n<p>&nbsp;<\/p>\n<p>Cabe recordar que la versi\u00f3n oficial se\u00f1al\u00f3 que<strong> la joven de 25 a\u00f1os muri\u00f3 en un calabozo luego de ser arrestada por disturbios en la v\u00eda p\u00fablica en un supuesto estado de ebriedad. La decisi\u00f3n la habr\u00eda tomado ella misma, pero la familia descree de la versi\u00f3n y se\u00f1ala que la \u201cmat\u00f3 la polic\u00eda\u201d.<\/strong><\/p>\n<p>&nbsp;<\/p>\n<p><img data-recalc-dims=\"1\" loading=\"lazy\" decoding=\"async\" class=\"alignnone size-full wp-image-57097\" src=\"https:\/\/i0.wp.com\/cdnoticias.com\/wp-content\/uploads\/2022\/06\/marcha-laprida1.jpg?resize=773%2C402&#038;ssl=1\" alt=\"\" width=\"773\" height=\"402\" srcset=\"https:\/\/i0.wp.com\/cdnoticias.com\/wp-content\/uploads\/2022\/06\/marcha-laprida1.jpg?w=773&amp;ssl=1 773w, https:\/\/i0.wp.com\/cdnoticias.com\/wp-content\/uploads\/2022\/06\/marcha-laprida1.jpg?resize=300%2C156&amp;ssl=1 300w, https:\/\/i0.wp.com\/cdnoticias.com\/wp-content\/uploads\/2022\/06\/marcha-laprida1.jpg?resize=768%2C399&amp;ssl=1 768w\" sizes=\"auto, (max-width: 773px) 100vw, 773px\" \/><\/p>\n<p>&nbsp;<\/p>\n<p>Tal es as\u00ed, que<strong> la madre reconoci\u00f3 que la joven ya hab\u00eda sido apresada en ocasiones anteriores y que \u201c<em>la polic\u00eda le pegaba\u201d<\/em><\/strong>. En esta ocasi\u00f3n, seg\u00fan expres\u00f3, <em>\u201cse les fue la mano\u201d<\/em> acusando a los efectivos de asesinar a Abregu.<\/p>\n<p>&nbsp;<\/p>\n<blockquote><p>La decisi\u00f3n de remover a la c\u00fapula policial de la Comisar\u00eda de Laprida fue de las autoridades de la Polic\u00eda Bonaerense.<\/p><\/blockquote>\n<p>&nbsp;<\/p>\n<p>En paralelo<strong>, avanza la investigaci\u00f3n a cargo del fiscal azule\u00f1o Ignacio Calonje<\/strong>, tras asumir el caso luego de que en primera instancia sea instruido por el olavarriense Christian Urlezaga.<\/p>\n<p>&nbsp;<\/p>\n<p>La familia mantiene las protestas en pedido de Justicia y bajo la firme certeza de que no se trat\u00f3 de un suicidio, sino que fue un asesinato en manos de la polic\u00eda.<\/p>\n<p>&nbsp;<\/p>\n<p><em>Fotos: LapridaWeb<\/em><\/p>\n","protected":false},"excerpt":{"rendered":"<p>Tras movilizaciones, dudas y cuestionamientos hacia el accionar policial, todas las autoridades de la vecina ciudad fueron removidas mientras avanza<\/p>\n","protected":false},"author":2,"featured_media":57096,"comment_status":"closed","ping_status":"closed","sticky":false,"template":"","format":"standard","meta":{"_jetpack_memberships_contains_paid_content":false,"footnotes":""},"categories":[14,1],"tags":[],"class_list":["post-57095","post","type-post","status-publish","format-standard","has-post-thumbnail","hentry","category-policiales","category-portada"],"jetpack_featured_media_url":"https:\/\/i0.wp.com\/cdnoticias.com\/wp-content\/uploads\/2022\/06\/marcha-laprida.jpg?fit=766%2C508&ssl=1","jetpack_sharing_enabled":true,"_links":{"self":[{"href":"https:\/\/cdnoticias.com\/index.php\/wp-json\/wp\/v2\/posts\/57095","targetHints":{"allow":["GET"]}}],"collection":[{"href":"https:\/\/cdnoticias.com\/index.php\/wp-json\/wp\/v2\/posts"}],"about":[{"href":"https:\/\/cdnoticias.com\/index.php\/wp-json\/wp\/v2\/types\/post"}],"author":[{"embeddable":true,"href":"https:\/\/cdnoticias.com\/index.php\/wp-json\/wp\/v2\/users\/2"}],"replies":[{"embeddable":true,"href":"https:\/\/cdnoticias.com\/index.php\/wp-json\/wp\/v2\/comments?post=57095"}],"version-history":[{"count":0,"href":"https:\/\/cdnoticias.com\/index.php\/wp-json\/wp\/v2\/posts\/57095\/revisions"}],"wp:featuredmedia":[{"embeddable":true,"href":"https:\/\/cdnoticias.com\/index.php\/wp-json\/wp\/v2\/media\/57096"}],"wp:attachment":[{"href":"https:\/\/cdnoticias.com\/index.php\/wp-json\/wp\/v2\/media?parent=57095"}],"wp:term":[{"taxonomy":"category","embeddable":true,"href":"https:\/\/cdnoticias.com\/index.php\/wp-json\/wp\/v2\/categories?post=57095"},{"taxonomy":"post_tag","embeddable":true,"href":"https:\/\/cdnoticias.com\/index.php\/wp-json\/wp\/v2\/tags?post=57095"}],"curies":[{"name":"wp","href":"https:\/\/api.w.org\/{rel}","templated":true}]}}