{"id":57060,"date":"2022-06-10T18:29:09","date_gmt":"2022-06-10T21:29:09","guid":{"rendered":"https:\/\/www.centraldenoticias.com.ar\/?p=57060"},"modified":"2022-06-10T18:29:09","modified_gmt":"2022-06-10T21:29:09","slug":"feriantes-y-tatuadores-se-unen-a-la-jornada-feriarte","status":"publish","type":"post","link":"https:\/\/cdnoticias.com\/index.php\/2022\/06\/10\/feriantes-y-tatuadores-se-unen-a-la-jornada-feriarte\/","title":{"rendered":"Feriantes y tatuadores se unen a la jornada &#8220;FeriArte&#8221;"},"content":{"rendered":"<p>Ser\u00e1 este s\u00e1bado 11 de junio en la Escuela de Artes Visuales &#8220;Miguel \u00c1ngel Galgano&#8221;. Los detalles. <!--more--><\/p>\n<hr \/>\n<p>&nbsp;<\/p>\n<p>Este<strong> s\u00e1bado 11 de junio llega <em>&#8220;FeriArte&#8221;<\/em><\/strong> a la <strong>Escuela de Artes Visuales &#8220;Miguel \u00c1ngel Galgano<\/strong>&#8220;, ubicada en <strong>avenida Pringles 2590.<\/strong><\/p>\n<p>&nbsp;<\/p>\n<p>La jornada est\u00e1 organizada por el <strong>Centro de Estudiantes &#8220;Di Arte&#8221;<\/strong> y se llevar\u00e1 a cabo en el horario comprendido de <strong>14:00 a 20:00.<\/strong><\/p>\n<p>&nbsp;<\/p>\n<p>Participar\u00e1n <strong>m\u00e1s de 20 feriantes<\/strong> y habr\u00e1 obras de estudiantes expuestas. Adem\u00e1s se realizar\u00e1 un<strong> flash day<\/strong> a cargo de tatuadores y tatuadoras de la ciudad.<\/p>\n<p>&nbsp;<\/p>\n<p>Por \u00faltimo, se indic\u00f3 que <strong>la entrada es libre y gratuita.<\/strong><\/p>\n<p>&nbsp;<\/p>\n<p>&nbsp;<\/p>\n<p>&nbsp;<\/p>\n<p>&nbsp;<\/p>\n<p>&nbsp;<\/p>\n","protected":false},"excerpt":{"rendered":"<p>Ser\u00e1 este s\u00e1bado 11 de junio en la Escuela de Artes Visuales &#8220;Miguel \u00c1ngel Galgano&#8221;. Los detalles.<\/p>\n","protected":false},"author":6,"featured_media":57063,"comment_status":"closed","ping_status":"closed","sticky":false,"template":"","format":"standard","meta":{"_jetpack_memberships_contains_paid_content":false,"footnotes":""},"categories":[9,1],"tags":[],"class_list":["post-57060","post","type-post","status-publish","format-standard","has-post-thumbnail","hentry","category-cultura","category-portada"],"jetpack_featured_media_url":"https:\/\/i0.wp.com\/cdnoticias.com\/wp-content\/uploads\/2022\/06\/Diseno-sin-titulo-2.jpg?fit=1920%2C1080&ssl=1","jetpack_sharing_enabled":true,"_links":{"self":[{"href":"https:\/\/cdnoticias.com\/index.php\/wp-json\/wp\/v2\/posts\/57060","targetHints":{"allow":["GET"]}}],"collection":[{"href":"https:\/\/cdnoticias.com\/index.php\/wp-json\/wp\/v2\/posts"}],"about":[{"href":"https:\/\/cdnoticias.com\/index.php\/wp-json\/wp\/v2\/types\/post"}],"author":[{"embeddable":true,"href":"https:\/\/cdnoticias.com\/index.php\/wp-json\/wp\/v2\/users\/6"}],"replies":[{"embeddable":true,"href":"https:\/\/cdnoticias.com\/index.php\/wp-json\/wp\/v2\/comments?post=57060"}],"version-history":[{"count":0,"href":"https:\/\/cdnoticias.com\/index.php\/wp-json\/wp\/v2\/posts\/57060\/revisions"}],"wp:featuredmedia":[{"embeddable":true,"href":"https:\/\/cdnoticias.com\/index.php\/wp-json\/wp\/v2\/media\/57063"}],"wp:attachment":[{"href":"https:\/\/cdnoticias.com\/index.php\/wp-json\/wp\/v2\/media?parent=57060"}],"wp:term":[{"taxonomy":"category","embeddable":true,"href":"https:\/\/cdnoticias.com\/index.php\/wp-json\/wp\/v2\/categories?post=57060"},{"taxonomy":"post_tag","embeddable":true,"href":"https:\/\/cdnoticias.com\/index.php\/wp-json\/wp\/v2\/tags?post=57060"}],"curies":[{"name":"wp","href":"https:\/\/api.w.org\/{rel}","templated":true}]}}