{"id":57054,"date":"2022-06-10T17:57:14","date_gmt":"2022-06-10T20:57:14","guid":{"rendered":"https:\/\/www.centraldenoticias.com.ar\/?p=57054"},"modified":"2022-06-10T17:57:14","modified_gmt":"2022-06-10T20:57:14","slug":"la-posta-festejo-sus-5-anos-en-la-facultad-de-ciencias-sociales","status":"publish","type":"post","link":"https:\/\/cdnoticias.com\/index.php\/2022\/06\/10\/la-posta-festejo-sus-5-anos-en-la-facultad-de-ciencias-sociales\/","title":{"rendered":"La Posta festej\u00f3 sus 5 a\u00f1os en la Facultad de Ciencias Sociales"},"content":{"rendered":"<p>La 44\u00aa edici\u00f3n se celebr\u00f3 con la pintada colectiva de un mural y un banco en el Complejo Universitario Olavarr\u00eda.<!--more--><\/p>\n<hr \/>\n<p>&nbsp;<\/p>\n<p><strong>La Posta festej\u00f3 sus 5 a\u00f1os<\/strong> este pasado jueves en la Facultad de Ciencias Sociales. La 44\u00aa edici\u00f3n se celebr\u00f3 con la <strong>pintada colectiva de un mural<\/strong> y un banco en el Complejo Universitario Olavarr\u00eda.<\/p>\n<p>&nbsp;<\/p>\n<p><strong>\u201cLos cinco a\u00f1os de la feria significa poder ver que el proyecto se est\u00e1 fortaleciendo.<\/strong> La idea es que <strong>sea un espacio que cada uno se lo apropie desde el punto de vista que quiera.<\/strong> Claramente si bien el producto es una feria y son productos a la venta, somos una universidad y tiene un contenido formativo, un contenido de investigaci\u00f3n, as\u00ed que en ese sentido el objetivo est\u00e1 m\u00e1s que cumplido\u201d, describi\u00f3 la <strong>Dra. Rosana Sosa<\/strong>, <strong>coordinadora del Programa Econom\u00eda Social Solidaria y Popular de la Facultad de Ciencias Sociales<\/strong> (UNICEN), desde donde naci\u00f3 el Proyecto La Posta.<\/p>\n<p>&nbsp;<\/p>\n<p>El SUM de Aulas Comunes fue sede de la <strong>feria de peque\u00f1os\/as productores\/as de la Econom\u00eda Popular y la tradicional entrega de pedidos,<\/strong> que incluy\u00f3 la comercializaci\u00f3n de alimentos sanos y cooperativos; adem\u00e1s de la colecta de frascos de vidrio destinados a quienes producen dulces y conservas.<\/p>\n<p>&nbsp;<\/p>\n<p>Asimismo, <strong>estudiantes y docentes de FACSO y de la Escuela de Artes Visuales \u201cMiguel A. Galgano\u201d llevaron adelante una pintada colectiva<\/strong> con el eje puesto en el activismo y puesta en valor del espacio compartido. El objetivo de la jornada fue trabajar en forma conjunta en la elaboraci\u00f3n de acciones que conduzcan a visibilizar en el espacio del campus la propuesta de la econom\u00eda popular, la soberan\u00eda alimentaria y el trabajo colectivo de mujeres productoras; as\u00ed como contribuir a la puesta en valor del espacio que es compartido por universitarios\/as y productores\/as de la Econom\u00eda Popular.<\/p>\n<p>&nbsp;<\/p>\n<p>En este sentido, se llev\u00f3 adelante la <strong>demarcaci\u00f3n de un mural en el acceso al Edificio de Aulas Comunes, y pintaron tambi\u00e9n el banco que se encuentra en este sector.<\/strong> \u201cEl objetivo siempre es poner en el Campus el mensaje. El mural es un mensaje que tiene que ver con pensar la soberan\u00eda alimentaria en el Campus pero tambi\u00e9n hacer que el Campus sea habitado por los actores. Es un espacio p\u00fablico, <strong>la Universidad es una universidad p\u00fablica y me parece que son espacios que hay que habitarlos\u201d<\/strong>, reflexion\u00f3 la Dra. Sosa.<\/p>\n<p>&nbsp;<\/p>\n<p>Organizaron las actividades integrantes de FACSO, del Programa Econom\u00eda Social Solidaria y Popular (FACSO-UNICEN), del Seminario \u201cEl activismo gr\u00e1fico como medio de resistencia\u201d (FACSO-UNICEN), del Proyecto de Investigaci\u00f3n Econom\u00eda Social y Solidaria en Ciudades Medias. Sistematizaci\u00f3n de saberes y experiencias (PROINCOMSCI-FACSO-UNICEN), La Cresta Autogestiva y el Taller Dise\u00f1o Gr\u00e1fico 2 de la Escuela de Artes Visuales \u201cMiguel A. Galgano\u201d. Asimismo, se sumaron la Asociaci\u00f3n Gremial de Docentes de la Universidad Nacional del Centro (ADUNCE) y el Programa Integral Comunidades Soberanas (UNICEN).<\/p>\n<p>&nbsp;<\/p>\n<p><strong>Nuevos desaf\u00edos: los saberes de los productos<\/strong><\/p>\n<p>&nbsp;<\/p>\n<p>Acerca de lo que proyectan para el futuro del Proyecto La Posta, la <strong>Dra. Sosa describi\u00f3 dos desaf\u00edos: la incorporaci\u00f3n de estudiantes universitarios\/as que son productores y productoras; y generar nuevas estrategias para dar a conocer La Posta<\/strong>.<\/p>\n<p>&nbsp;<\/p>\n<p>En este marco, los y las productores\/as que forman parte del Proyecto en la actualidad est\u00e1n al frente de las<strong> capacitaciones para nuevos\/as productores\/as.<\/strong> \u201cEstos cinco a\u00f1os adem\u00e1s ha generado un acumulado de aprendizajes que tienen que ver con poder pensar cada edici\u00f3n junto con los productores. Entonces hoy los productores tienen unos saberes que para el productor reci\u00e9n llegado es toda una novedad. Tal es as\u00ed que por un lado trabajamos con los productores para poner en valor los saberes que hemos construido colectivamente, y por otro lado que los puedan transferir a otros\u201d.<\/p>\n<p>&nbsp;<\/p>\n<p>Mientras tanto, en el marco de las Pr\u00e1cticas Socioeducativas (PSE), estudiantes de la Facultad de Ciencias Sociales se sumaron al Programa para analizar estrategias <em>\u201cque nos ayuden a comunicar qu\u00e9 quiere decir La Posta. Porque <strong>el mensaje es m\u00e1s que venir a comprar un producto, es elegir un producto peque\u00f1o, es saber c\u00f3mo ese productor lo produce, es conocer la historia de ese productor,<\/strong> no se focaliza tanto en los precios de esos productos sino en los saberes que tienen esos productos, en la producci\u00f3n y en la comercializaci\u00f3n. <strong>Los estudiantes de comunicaci\u00f3n y periodismo nos van a ayudar a construir un mensaje para poder llegar a m\u00e1s gente que a\u00fan no estamos llegando\u201d, resalt\u00f3 la Dra. Sosa.<\/strong><\/em><\/p>\n","protected":false},"excerpt":{"rendered":"<p>La 44\u00aa edici\u00f3n se celebr\u00f3 con la pintada colectiva de un mural y un banco en el Complejo Universitario Olavarr\u00eda.<\/p>\n","protected":false},"author":6,"featured_media":57056,"comment_status":"closed","ping_status":"closed","sticky":false,"template":"","format":"standard","meta":{"_jetpack_memberships_contains_paid_content":false,"footnotes":""},"categories":[5],"tags":[],"class_list":["post-57054","post","type-post","status-publish","format-standard","has-post-thumbnail","hentry","category-informacion-general"],"jetpack_featured_media_url":"https:\/\/i0.wp.com\/cdnoticias.com\/wp-content\/uploads\/2022\/06\/La-Posta-4.jpg?fit=1440%2C892&ssl=1","jetpack_sharing_enabled":true,"_links":{"self":[{"href":"https:\/\/cdnoticias.com\/index.php\/wp-json\/wp\/v2\/posts\/57054","targetHints":{"allow":["GET"]}}],"collection":[{"href":"https:\/\/cdnoticias.com\/index.php\/wp-json\/wp\/v2\/posts"}],"about":[{"href":"https:\/\/cdnoticias.com\/index.php\/wp-json\/wp\/v2\/types\/post"}],"author":[{"embeddable":true,"href":"https:\/\/cdnoticias.com\/index.php\/wp-json\/wp\/v2\/users\/6"}],"replies":[{"embeddable":true,"href":"https:\/\/cdnoticias.com\/index.php\/wp-json\/wp\/v2\/comments?post=57054"}],"version-history":[{"count":0,"href":"https:\/\/cdnoticias.com\/index.php\/wp-json\/wp\/v2\/posts\/57054\/revisions"}],"wp:featuredmedia":[{"embeddable":true,"href":"https:\/\/cdnoticias.com\/index.php\/wp-json\/wp\/v2\/media\/57056"}],"wp:attachment":[{"href":"https:\/\/cdnoticias.com\/index.php\/wp-json\/wp\/v2\/media?parent=57054"}],"wp:term":[{"taxonomy":"category","embeddable":true,"href":"https:\/\/cdnoticias.com\/index.php\/wp-json\/wp\/v2\/categories?post=57054"},{"taxonomy":"post_tag","embeddable":true,"href":"https:\/\/cdnoticias.com\/index.php\/wp-json\/wp\/v2\/tags?post=57054"}],"curies":[{"name":"wp","href":"https:\/\/api.w.org\/{rel}","templated":true}]}}