{"id":57041,"date":"2022-06-10T13:39:12","date_gmt":"2022-06-10T16:39:12","guid":{"rendered":"https:\/\/www.centraldenoticias.com.ar\/?p=57041"},"modified":"2022-06-10T17:18:51","modified_gmt":"2022-06-10T20:18:51","slug":"condena-de-14-anos-de-prision-para-agustin-casado","status":"publish","type":"post","link":"https:\/\/cdnoticias.com\/index.php\/2022\/06\/10\/condena-de-14-anos-de-prision-para-agustin-casado\/","title":{"rendered":"Condena de 14 a\u00f1os de prisi\u00f3n para Agust\u00edn Casado"},"content":{"rendered":"<p>Fue hallado culpable de \u201cabuso sexual gravemente ultrajante\u201d en tres hechos. \u201cEst\u00e1 dentro de todo bien\u201d celebr\u00f3 Animate el resultado del juicio.<!--more--><\/p>\n<hr \/>\n<p><strong>Este viernes se dict\u00f3 la sentencia contra el olavarriense Agust\u00edn Casado<\/strong>: <strong>el Tribunal en lo Criminal Oral N\u00ba 2 de Azul dispuso la pena de 14 a\u00f1os de prisi\u00f3n de cumplimiento efectivo<\/strong>.<\/p>\n<p>&nbsp;<\/p>\n<p>Fue hallado culpable del delito de<strong> \u201cabuso sexual gravemente ultrajante por las circunstancias de su realizaci\u00f3n, tres hechos todos en concurso real\u201d<\/strong>. El juicio oral se llev\u00f3 adelante la semana pasada mediante la realizaci\u00f3n de dos audiencias orales, <a href=\"https:\/\/cdnoticias.com\/index.php\/2022\/06\/01\/pidieron-entre-15-y-20-anos-de-prision-para-agustin-casado\/\">en la segunda de las cuales el propio acusado, Agust\u00edn Casado, dio su declaraci\u00f3n<\/a>.<\/p>\n<p>&nbsp;<\/p>\n<blockquote><p>La condena se dict\u00f3 \u201cpor los hechos cometidos en fecha incierta durante el a\u00f1o 2016 y previos al 21 de octubre\u201d de ese a\u00f1o en perjuicio de una de las v\u00edctimas y \u201clos d\u00edas 25 y 26 de octubre de 2016\u201d en perjuicio de una segunda v\u00edctima. Todos los hechos se dieron en Olavarr\u00eda.<\/p><\/blockquote>\n<p>&nbsp;<\/p>\n<p><img data-recalc-dims=\"1\" loading=\"lazy\" decoding=\"async\" class=\"aligncenter wp-image-56026\" src=\"https:\/\/i0.wp.com\/cdnoticias.com\/wp-content\/uploads\/2022\/05\/agustin-casado.jpg?resize=450%2C513&#038;ssl=1\" alt=\"\" width=\"450\" height=\"513\" srcset=\"https:\/\/i0.wp.com\/cdnoticias.com\/wp-content\/uploads\/2022\/05\/agustin-casado.jpg?w=720&amp;ssl=1 720w, https:\/\/i0.wp.com\/cdnoticias.com\/wp-content\/uploads\/2022\/05\/agustin-casado.jpg?resize=263%2C300&amp;ssl=1 263w\" sizes=\"auto, (max-width: 450px) 100vw, 450px\" \/><\/p>\n<p>&nbsp;<\/p>\n<p><strong>Desde la Asociaci\u00f3n Civil Animate<\/strong> siguieron de cerca los pormenores del juicio. Una vez conocido el fallo, la referente del espacio <strong>Liliana Cuenca<\/strong> indic\u00f3 a<strong> Central de Noticias<\/strong> que \u201ccomo viene trabajando la justicia y como est\u00e1 dictaminado en el C\u00f3digo Procesal que era de 15 a 20 a\u00f1os, <strong>creo que 14 a\u00f1os est\u00e1 dentro de todo bien\u201d aunque \u201cpara las v\u00edctimas el da\u00f1o ya est\u00e1 hecho\u201d<\/strong>.<\/p>\n<p>&nbsp;<\/p>\n<p>En este sentido cabe se\u00f1alar que <strong>la Fiscal\u00eda hab\u00eda pedido la pena de entre 15 y 20 a\u00f1os<\/strong>, con lo que la sentencia es apenas menor a lo solicitado por la acusaci\u00f3n.<\/p>\n<p>&nbsp;<\/p>\n<blockquote><p>Cuenca reconoci\u00f3 que debido a la posici\u00f3n del acusado \u201cuna persona muy recocida en Olavarr\u00eda, hijo de gente adinerada\u201d tem\u00edan una sentencia menor. Es m\u00e1s, \u201ccon las mam\u00e1s de las nenas pensamos que iba a tener menos condena pero evidentemente el juez hizo las cosas bien\u201d.<\/p><\/blockquote>\n<p>&nbsp;<\/p>\n<p>Por \u00faltimo cabe recordar que el olavarriense <strong>fue detenido en 2018, luego de haber estado pr\u00f3fugo.<\/strong> En Necochea, personal de la DDI de Azul lo encontr\u00f3 en una casa de la calle 67 al 200, donde Casado ten\u00eda un DNI ficticio.<\/p>\n","protected":false},"excerpt":{"rendered":"<p>Fue hallado culpable de \u201cabuso sexual gravemente ultrajante\u201d en tres hechos. \u201cEst\u00e1 dentro de todo bien\u201d celebr\u00f3 Animate el resultado<\/p>\n","protected":false},"author":4,"featured_media":56112,"comment_status":"closed","ping_status":"closed","sticky":false,"template":"","format":"standard","meta":{"_jetpack_memberships_contains_paid_content":false,"footnotes":""},"categories":[14,1],"tags":[],"class_list":["post-57041","post","type-post","status-publish","format-standard","has-post-thumbnail","hentry","category-policiales","category-portada"],"jetpack_featured_media_url":"https:\/\/i0.wp.com\/cdnoticias.com\/wp-content\/uploads\/2022\/05\/casado1.jpg?fit=1280%2C712&ssl=1","jetpack_sharing_enabled":true,"_links":{"self":[{"href":"https:\/\/cdnoticias.com\/index.php\/wp-json\/wp\/v2\/posts\/57041","targetHints":{"allow":["GET"]}}],"collection":[{"href":"https:\/\/cdnoticias.com\/index.php\/wp-json\/wp\/v2\/posts"}],"about":[{"href":"https:\/\/cdnoticias.com\/index.php\/wp-json\/wp\/v2\/types\/post"}],"author":[{"embeddable":true,"href":"https:\/\/cdnoticias.com\/index.php\/wp-json\/wp\/v2\/users\/4"}],"replies":[{"embeddable":true,"href":"https:\/\/cdnoticias.com\/index.php\/wp-json\/wp\/v2\/comments?post=57041"}],"version-history":[{"count":0,"href":"https:\/\/cdnoticias.com\/index.php\/wp-json\/wp\/v2\/posts\/57041\/revisions"}],"wp:featuredmedia":[{"embeddable":true,"href":"https:\/\/cdnoticias.com\/index.php\/wp-json\/wp\/v2\/media\/56112"}],"wp:attachment":[{"href":"https:\/\/cdnoticias.com\/index.php\/wp-json\/wp\/v2\/media?parent=57041"}],"wp:term":[{"taxonomy":"category","embeddable":true,"href":"https:\/\/cdnoticias.com\/index.php\/wp-json\/wp\/v2\/categories?post=57041"},{"taxonomy":"post_tag","embeddable":true,"href":"https:\/\/cdnoticias.com\/index.php\/wp-json\/wp\/v2\/tags?post=57041"}],"curies":[{"name":"wp","href":"https:\/\/api.w.org\/{rel}","templated":true}]}}