{"id":57039,"date":"2022-06-10T13:22:49","date_gmt":"2022-06-10T16:22:49","guid":{"rendered":"https:\/\/www.centraldenoticias.com.ar\/?p=57039"},"modified":"2022-06-10T13:22:49","modified_gmt":"2022-06-10T16:22:49","slug":"andres-tito-rios-q-e-p-d","status":"publish","type":"post","link":"https:\/\/cdnoticias.com\/index.php\/2022\/06\/10\/andres-tito-rios-q-e-p-d\/","title":{"rendered":"Andr\u00e9s Tito R\u00edos (Q.E.P.D.)"},"content":{"rendered":"<p>&nbsp;<\/p>\n<p>Falleci\u00f3 en Olavarr\u00eda el d\u00eda 10 de junio de 2022 a los 82 a\u00f1os de edad.<\/p>\n<p>&nbsp;<\/p>\n<p>Su hijo Fernando R\u00edos. Su hija pol\u00edtica Marita L\u00f3pez. Sus nietos Paloma, Nicole, Oriana y Ayrton R\u00edos. Su hermano Rene R\u00edos. Sus hermanos pol\u00edticos. Su sobrina Gabina R\u00edos. Su prima Sof\u00eda Climaitis y dem\u00e1s deudos participan de su fallecimiento.<\/p>\n<p>&nbsp;<\/p>\n<p>Velatorio: Espa\u00f1a 2942 departamento &#8221;C&#8221; el viernes a las 14. Inhumaci\u00f3n: Cementerio Loma de Paz, s\u00e1bado a las 9:30. Servicio adherido a Coopelectric.<\/p>\n<p>&nbsp;<\/p>\n<p>Barrio en el que viv\u00eda: San Vicente<\/p>\n<p>&nbsp;<\/p>\n<p>Lugar de nacimiento: Tucum\u00e1n<\/p>\n<p>&nbsp;<\/p>\n<p>Actividad que desarrollaba: Jubilado del Ej\u00e9rcito Argentino<\/p>\n","protected":false},"excerpt":{"rendered":"<p>&nbsp; Falleci\u00f3 en Olavarr\u00eda el d\u00eda 10 de junio de 2022 a los 82 a\u00f1os de edad. &nbsp; Su hijo<\/p>\n","protected":false},"author":4,"featured_media":51544,"comment_status":"closed","ping_status":"closed","sticky":false,"template":"","format":"standard","meta":{"_jetpack_memberships_contains_paid_content":false,"footnotes":""},"categories":[10],"tags":[],"class_list":["post-57039","post","type-post","status-publish","format-standard","has-post-thumbnail","hentry","category-necrologicas"],"jetpack_featured_media_url":"https:\/\/i0.wp.com\/cdnoticias.com\/wp-content\/uploads\/2022\/04\/necrologicas-390-x-240.jpg?fit=390%2C240&ssl=1","jetpack_sharing_enabled":true,"_links":{"self":[{"href":"https:\/\/cdnoticias.com\/index.php\/wp-json\/wp\/v2\/posts\/57039","targetHints":{"allow":["GET"]}}],"collection":[{"href":"https:\/\/cdnoticias.com\/index.php\/wp-json\/wp\/v2\/posts"}],"about":[{"href":"https:\/\/cdnoticias.com\/index.php\/wp-json\/wp\/v2\/types\/post"}],"author":[{"embeddable":true,"href":"https:\/\/cdnoticias.com\/index.php\/wp-json\/wp\/v2\/users\/4"}],"replies":[{"embeddable":true,"href":"https:\/\/cdnoticias.com\/index.php\/wp-json\/wp\/v2\/comments?post=57039"}],"version-history":[{"count":0,"href":"https:\/\/cdnoticias.com\/index.php\/wp-json\/wp\/v2\/posts\/57039\/revisions"}],"wp:featuredmedia":[{"embeddable":true,"href":"https:\/\/cdnoticias.com\/index.php\/wp-json\/wp\/v2\/media\/51544"}],"wp:attachment":[{"href":"https:\/\/cdnoticias.com\/index.php\/wp-json\/wp\/v2\/media?parent=57039"}],"wp:term":[{"taxonomy":"category","embeddable":true,"href":"https:\/\/cdnoticias.com\/index.php\/wp-json\/wp\/v2\/categories?post=57039"},{"taxonomy":"post_tag","embeddable":true,"href":"https:\/\/cdnoticias.com\/index.php\/wp-json\/wp\/v2\/tags?post=57039"}],"curies":[{"name":"wp","href":"https:\/\/api.w.org\/{rel}","templated":true}]}}