{"id":57022,"date":"2022-06-10T14:34:00","date_gmt":"2022-06-10T17:34:00","guid":{"rendered":"https:\/\/www.centraldenoticias.com.ar\/?p=57022"},"modified":"2022-06-10T14:34:00","modified_gmt":"2022-06-10T17:34:00","slug":"kicillof-se-reunio-con-el-intendente-de-25-de-mayo","status":"publish","type":"post","link":"https:\/\/cdnoticias.com\/index.php\/2022\/06\/10\/kicillof-se-reunio-con-el-intendente-de-25-de-mayo\/","title":{"rendered":"Kicillof se reuni\u00f3 con el intendente de 25 de Mayo"},"content":{"rendered":"<p>La reuni\u00f3n fue el jueves y se inform\u00f3 que hablaron sobre las inversiones que la Provincia ejecuta en el vecino distrito, as\u00ed como el destino del FIM.<\/p>\n<p><!--more--><\/p>\n<hr \/>\n<p><strong>El gobernador de la provincia de Buenos Aires, Axel Kicillof, se reuni\u00f3 este jueves por la tarde en Casa de Gobierno con el intendente de 25 de Mayo, Hern\u00e1n Ralinqueo<\/strong>, con quien convers\u00f3 acerca de las obras de infraestructura que se llevan adelante en el distrito y su impacto en materia de empleo local.<\/p>\n<p>&nbsp;<\/p>\n<p>Durante el encuentro, repasaron la <strong>inversi\u00f3n realizada en trabajos de bacheo, cord\u00f3n cuneta y hormigonado<\/strong> en distintas calles y avenidas de la ciudad. En ese sentido, destacaron la importancia del<strong> Fondo de Infraestructura Municipal (FIM)<\/strong>, que en sus distintas ediciones destin\u00f3 47 millones de pesos para tareas de asfalto e intervenci\u00f3n integral de corredores.<\/p>\n<p>&nbsp;<\/p>\n<p>Asimismo, hicieron hincapi\u00e9 en las<strong> mejoras realizadas para estabilizar caminos rurales<\/strong>, para lo que se invirtieron m\u00e1s de 278 millones de pesos con el objetivo de garantizar el transporte de materias primas y la accesibilidad a instituciones educativas.<\/p>\n<p>&nbsp;<\/p>\n<p><img data-recalc-dims=\"1\" loading=\"lazy\" decoding=\"async\" class=\"size-full wp-image-57025 aligncenter\" src=\"https:\/\/i0.wp.com\/cdnoticias.com\/wp-content\/uploads\/2022\/06\/ralinqueo-kicillof-01.jpg?resize=800%2C533&#038;ssl=1\" alt=\"\" width=\"800\" height=\"533\" srcset=\"https:\/\/i0.wp.com\/cdnoticias.com\/wp-content\/uploads\/2022\/06\/ralinqueo-kicillof-01.jpg?w=800&amp;ssl=1 800w, https:\/\/i0.wp.com\/cdnoticias.com\/wp-content\/uploads\/2022\/06\/ralinqueo-kicillof-01.jpg?resize=300%2C200&amp;ssl=1 300w, https:\/\/i0.wp.com\/cdnoticias.com\/wp-content\/uploads\/2022\/06\/ralinqueo-kicillof-01.jpg?resize=768%2C512&amp;ssl=1 768w, https:\/\/i0.wp.com\/cdnoticias.com\/wp-content\/uploads\/2022\/06\/ralinqueo-kicillof-01.jpg?resize=272%2C182&amp;ssl=1 272w\" sizes=\"auto, (max-width: 800px) 100vw, 800px\" \/><\/p>\n<p>&nbsp;<\/p>\n<p>En materia de infraestructura escolar, Kicillof y Ralinqueo coincidieron en el impacto del <strong>programa Escuelas a la Obra<\/strong>, que con m\u00e1s de 116 millones de pesos proyect\u00f3 34 intervenciones en establecimientos educativos del municipio, de las cuales 27 ya fueron finalizadas.<\/p>\n<p>&nbsp;<\/p>\n<p>En tanto, en el plano econ\u00f3mico, ambas autoridades ponderaron el rol activo del <strong>Banco Provincia<\/strong> para apuntalar la actividad productiva. La instituci\u00f3n brind\u00f3 asistencia a pymes y emprendedores por m\u00e1s de 1.894 millones de pesos.<\/p>\n<p>&nbsp;<\/p>\n<p>Por \u00faltimo, analizaron los <strong>resultados en materia de seguridad<\/strong> tras la puesta en funcionamiento de <strong>ocho nuevos patrulleros<\/strong> que se entregaron al distrito, donde se sumaron tambi\u00e9n 294 efectivos policiales y 24 agentes de la nueva Polic\u00eda Rural.<\/p>\n","protected":false},"excerpt":{"rendered":"<p>La reuni\u00f3n fue el jueves y se inform\u00f3 que hablaron sobre las inversiones que la Provincia ejecuta en el vecino<\/p>\n","protected":false},"author":4,"featured_media":57024,"comment_status":"closed","ping_status":"closed","sticky":false,"template":"","format":"standard","meta":{"_jetpack_memberships_contains_paid_content":false,"footnotes":""},"categories":[6],"tags":[],"class_list":["post-57022","post","type-post","status-publish","format-standard","has-post-thumbnail","hentry","category-nacionales"],"jetpack_featured_media_url":"https:\/\/i0.wp.com\/cdnoticias.com\/wp-content\/uploads\/2022\/06\/ralinqueo-kicillof-00.jpg?fit=800%2C445&ssl=1","jetpack_sharing_enabled":true,"_links":{"self":[{"href":"https:\/\/cdnoticias.com\/index.php\/wp-json\/wp\/v2\/posts\/57022","targetHints":{"allow":["GET"]}}],"collection":[{"href":"https:\/\/cdnoticias.com\/index.php\/wp-json\/wp\/v2\/posts"}],"about":[{"href":"https:\/\/cdnoticias.com\/index.php\/wp-json\/wp\/v2\/types\/post"}],"author":[{"embeddable":true,"href":"https:\/\/cdnoticias.com\/index.php\/wp-json\/wp\/v2\/users\/4"}],"replies":[{"embeddable":true,"href":"https:\/\/cdnoticias.com\/index.php\/wp-json\/wp\/v2\/comments?post=57022"}],"version-history":[{"count":0,"href":"https:\/\/cdnoticias.com\/index.php\/wp-json\/wp\/v2\/posts\/57022\/revisions"}],"wp:featuredmedia":[{"embeddable":true,"href":"https:\/\/cdnoticias.com\/index.php\/wp-json\/wp\/v2\/media\/57024"}],"wp:attachment":[{"href":"https:\/\/cdnoticias.com\/index.php\/wp-json\/wp\/v2\/media?parent=57022"}],"wp:term":[{"taxonomy":"category","embeddable":true,"href":"https:\/\/cdnoticias.com\/index.php\/wp-json\/wp\/v2\/categories?post=57022"},{"taxonomy":"post_tag","embeddable":true,"href":"https:\/\/cdnoticias.com\/index.php\/wp-json\/wp\/v2\/tags?post=57022"}],"curies":[{"name":"wp","href":"https:\/\/api.w.org\/{rel}","templated":true}]}}