{"id":57016,"date":"2022-06-10T12:09:50","date_gmt":"2022-06-10T15:09:50","guid":{"rendered":"https:\/\/www.centraldenoticias.com.ar\/?p=57016"},"modified":"2022-06-10T12:09:50","modified_gmt":"2022-06-10T15:09:50","slug":"cumbre-de-las-americas-tenemos-una-enorme-oportunidad","status":"publish","type":"post","link":"https:\/\/cdnoticias.com\/index.php\/2022\/06\/10\/cumbre-de-las-americas-tenemos-una-enorme-oportunidad\/","title":{"rendered":"Cumbre de las Am\u00e9ricas: \u201cTenemos una enorme oportunidad\u201d"},"content":{"rendered":"<p>Lo afirm\u00f3 el presidente de la C\u00e1mara de Diputados, Sergio Massa, con eje en las inversiones para la Argentina.<!--more--><\/p>\n<hr \/>\n<p>En el marco de la <strong>IX Cumbre de las Am\u00e9ricas<\/strong> que se desarrolla en Estados Unidos, el titular de la C\u00e1mara de Diputados, <strong>Sergio Massa, particip\u00f3 junto al presidente de la Naci\u00f3n, Alberto Fern\u00e1ndez, de reuniones de trabajo con el CEO de General Motors Internacional, Shilpan Amin, y con el CEO de Google, Sundar Pichai.<\/strong> \u201cLa regi\u00f3n necesita de la Argentina en la revoluci\u00f3n de la tecnolog\u00eda y el conocimiento\u201d, afirm\u00f3.<\/p>\n<p>&nbsp;<\/p>\n<p>En el marco de la gira oficial por los Estados Unidos, Sergio Massa se refiri\u00f3 a la <strong>importancia de los v\u00ednculos comerciales estrat\u00e9gicos<\/strong> de la Argentina y al aporte vital que desde el Congreso se puede generar en favor de un marco de pol\u00edticas de Estado que impulse el desarrollo.<\/p>\n<p>&nbsp;<\/p>\n<p><img data-recalc-dims=\"1\" loading=\"lazy\" decoding=\"async\" class=\"aligncenter size-full wp-image-57017\" src=\"https:\/\/i0.wp.com\/cdnoticias.com\/wp-content\/uploads\/2022\/06\/WhatsApp-Image-2022-06-10-at-11.29.40-AM-1.jpeg?resize=800%2C534&#038;ssl=1\" alt=\"\" width=\"800\" height=\"534\" srcset=\"https:\/\/i0.wp.com\/cdnoticias.com\/wp-content\/uploads\/2022\/06\/WhatsApp-Image-2022-06-10-at-11.29.40-AM-1.jpeg?w=1024&amp;ssl=1 1024w, https:\/\/i0.wp.com\/cdnoticias.com\/wp-content\/uploads\/2022\/06\/WhatsApp-Image-2022-06-10-at-11.29.40-AM-1.jpeg?resize=300%2C200&amp;ssl=1 300w, https:\/\/i0.wp.com\/cdnoticias.com\/wp-content\/uploads\/2022\/06\/WhatsApp-Image-2022-06-10-at-11.29.40-AM-1.jpeg?resize=768%2C512&amp;ssl=1 768w, https:\/\/i0.wp.com\/cdnoticias.com\/wp-content\/uploads\/2022\/06\/WhatsApp-Image-2022-06-10-at-11.29.40-AM-1.jpeg?resize=272%2C182&amp;ssl=1 272w\" sizes=\"auto, (max-width: 800px) 100vw, 800px\" \/><\/p>\n<p>&nbsp;<\/p>\n<p>Consultado sobre el balance de la Cumbre, Massa destac\u00f3 <strong>tres cuestiones centrales<\/strong>: \u201cPrimero, el v\u00ednculo y el cierre de acuerdos con Canad\u00e1, Paraguay y otros pa\u00edses que son complementarios a nuestra econom\u00eda. Segundo, la responsabilidad de Argentina de representar a toda Am\u00e9rica Latina, de se\u00f1alar las ausencias y las exclusiones, pero tambi\u00e9n de se\u00f1alar la necesidad de un proceso de desarrollo econ\u00f3mico. Y tercero, en el caso del Congreso, la responsabilidad de encontrar un marco de acuerdo de pol\u00edticas de Estado alrededor de temas que el continente nos reclama en materia de alimentos, capital humano, conocimiento y energ\u00eda\u201d.<\/p>\n<p>&nbsp;<\/p>\n<p>En cuanto a la<strong> reuni\u00f3n con General Motors<\/strong>, el presidente de Diputados sostuvo que la empresa norteamericana \u201canunci\u00f3 una inversi\u00f3n muy importante para el mes de julio, en Rosario\u201d. Adem\u00e1s, plantearon la necesidad de avanzar con la ley de electromovilidad y con la ley automotriz, porque \u201ctienen un proyecto que permite pasar del 8% al 40% de componentes argentinos en la fabricaci\u00f3n de veh\u00edculos en la Argentina\u201d. \u201cEso necesita de la ley que estamos discutiendo en el Congreso, as\u00ed que obviamente nos llevamos esa tarea\u201d, se\u00f1al\u00f3.<\/p>\n<p>&nbsp;<\/p>\n<p>En el mismo sentido, <strong>ponder\u00f3 el di\u00e1logo con Google<\/strong> y la posibilidad de \u201cque haya 100 mil argentinos vendiendo conocimiento y capacidades t\u00e9cnicas, porque estamos conviviendo con la revoluci\u00f3n de la tecnolog\u00eda y el conocimiento\u201d. \u201cEs clave encontrar un marco desde el punto de vista normativo y desde la formaci\u00f3n, para una tarea que pueden desarrollar en conjunto empresas como Google, u otras, con el Ministerio de Educaci\u00f3n de la Naci\u00f3n\u201d, a\u00f1adi\u00f3.<\/p>\n<p>&nbsp;<\/p>\n<div class=\"jetpack-video-wrapper\"><iframe loading=\"lazy\" title=\"Cumbre de las Am\u00e9ricas: \u201cTenemos una enorme oportunidad\u201d\" width=\"800\" height=\"450\" src=\"https:\/\/www.youtube.com\/embed\/-WRqlb8rKxU?feature=oembed\" frameborder=\"0\" allow=\"accelerometer; autoplay; clipboard-write; encrypted-media; gyroscope; picture-in-picture\" allowfullscreen><\/iframe><\/div>\n<p>&nbsp;<\/p>\n<p>El titular de la C\u00e1mara baja tambi\u00e9n destac\u00f3 la necesidad de avanzar en \u201c<strong>el desarrollo de la cadena de valor<\/strong>: porque una cosa es que le vendamos al mundo litio, como un mineral bruto, y otra cosa es que le vendamos bater\u00edas de celular\u201d. \u201cYo quiero una Argentina que venda bater\u00edas de celular, lo mismo que la ley de agroindustria, yo quiero una Argentina que venda fideos, porque transforma el trigo en harina y a la harina en fideos y eso nos permite vender, en lugar de 1 empleo, 11 empleos\u201d. \u201cTenemos una enorme oportunidad\u201d, agreg\u00f3.<\/p>\n<p>&nbsp;<\/p>\n<p>Massa remarc\u00f3 la importancia del<strong> impulso en materia de pol\u00edtica energ\u00e9tica y agroindustria.<\/strong> \u201cArgentina, Brasil, Paraguay, Estados Unidos y Canad\u00e1 garantizan el 80% de las prote\u00ednas que se consumen en el mundo. Es clave que tengamos reglas que sean pol\u00edticas de Estado\u201d, indic\u00f3.<\/p>\n","protected":false},"excerpt":{"rendered":"<p>Lo afirm\u00f3 el presidente de la C\u00e1mara de Diputados, Sergio Massa, con eje en las inversiones para la Argentina.<\/p>\n","protected":false},"author":5,"featured_media":57018,"comment_status":"closed","ping_status":"closed","sticky":false,"template":"","format":"standard","meta":{"_jetpack_memberships_contains_paid_content":false,"footnotes":""},"categories":[6,1],"tags":[],"class_list":["post-57016","post","type-post","status-publish","format-standard","has-post-thumbnail","hentry","category-nacionales","category-portada"],"jetpack_featured_media_url":"https:\/\/i0.wp.com\/cdnoticias.com\/wp-content\/uploads\/2022\/06\/WhatsApp-Image-2022-06-10-at-11.29.40-AM.jpeg?fit=1024%2C682&ssl=1","jetpack_sharing_enabled":true,"_links":{"self":[{"href":"https:\/\/cdnoticias.com\/index.php\/wp-json\/wp\/v2\/posts\/57016","targetHints":{"allow":["GET"]}}],"collection":[{"href":"https:\/\/cdnoticias.com\/index.php\/wp-json\/wp\/v2\/posts"}],"about":[{"href":"https:\/\/cdnoticias.com\/index.php\/wp-json\/wp\/v2\/types\/post"}],"author":[{"embeddable":true,"href":"https:\/\/cdnoticias.com\/index.php\/wp-json\/wp\/v2\/users\/5"}],"replies":[{"embeddable":true,"href":"https:\/\/cdnoticias.com\/index.php\/wp-json\/wp\/v2\/comments?post=57016"}],"version-history":[{"count":0,"href":"https:\/\/cdnoticias.com\/index.php\/wp-json\/wp\/v2\/posts\/57016\/revisions"}],"wp:featuredmedia":[{"embeddable":true,"href":"https:\/\/cdnoticias.com\/index.php\/wp-json\/wp\/v2\/media\/57018"}],"wp:attachment":[{"href":"https:\/\/cdnoticias.com\/index.php\/wp-json\/wp\/v2\/media?parent=57016"}],"wp:term":[{"taxonomy":"category","embeddable":true,"href":"https:\/\/cdnoticias.com\/index.php\/wp-json\/wp\/v2\/categories?post=57016"},{"taxonomy":"post_tag","embeddable":true,"href":"https:\/\/cdnoticias.com\/index.php\/wp-json\/wp\/v2\/tags?post=57016"}],"curies":[{"name":"wp","href":"https:\/\/api.w.org\/{rel}","templated":true}]}}