{"id":5699,"date":"2020-11-05T10:10:39","date_gmt":"2020-11-05T13:10:39","guid":{"rendered":"http:\/\/www.centraldenoticias.com.ar\/?p=5699"},"modified":"2020-11-05T10:10:39","modified_gmt":"2020-11-05T13:10:39","slug":"el-diputado-del-pro-juan-carrara-en-el-encuentro-somos-industria","status":"publish","type":"post","link":"https:\/\/cdnoticias.com\/index.php\/2020\/11\/05\/el-diputado-del-pro-juan-carrara-en-el-encuentro-somos-industria\/","title":{"rendered":"El diputado del Pro Juan Carrara, en el encuentro Somos Industria"},"content":{"rendered":"<p>\u201cLa Provincia necesita un proyecto productivo que trascienda la coyuntura y el corto plazo\u201d sostuvo el legislador provincial quien present\u00f3 ante los industriales su proyecto de \u201cLey Pyme\u201d.<!--more--><\/p>\n<hr \/>\n<p><strong>El diputado provincial de Juntos por el Cambio, Juan Carrara, particip\u00f3 del 2\u00b0 Congreso Industrial Pyme \u201cSomos Industria\u201d<\/strong>, evento organizado por ADIBA, UIPBA y RedPARQUES, junto al presidente de la C\u00e1mara, Federico Otermin, y su par del Frente de Todos, C\u00e9sar Valicenti, legislador olavarriense.<\/p>\n<p><strong>Los legisladores protagonizaron el panel \u201cConstruyendo di\u00e1logo\u201d<\/strong>, un espacio de conversaci\u00f3n entre dirigentes pol\u00edticos, sindicales y del sector privado en pos del consenso y el di\u00e1logo tripartito. El moderador fue Gast\u00f3n Leiter, vicepresidente Joven de UIPBA.<\/p>\n<p>El diputado del PRO manifest\u00f3 que \u201c<strong>estos encuentros son fundamentales, no solamente para intercambiar miradas, profundizar y analizar la situaci\u00f3n del sector<\/strong>, sino tambi\u00e9n para plantear una agenda de trabajo espec\u00edfica\u201d. Y a\u00f1adi\u00f3: \u201cestamos atravesando una pandemia y el mundo ha cambiado. Por eso necesitamos generar acuerdos, a trav\u00e9s del di\u00e1logo y el consenso, para poder desarrollar el sector productivo de la provincia, que se traducir\u00e1 en crecimiento econ\u00f3mico y mayor empleo\u201d.<\/p>\n<blockquote><p>\u201cLa Provincia necesita un proyecto productivo que trascienda la coyuntura y el corto plazo\u201d resumi\u00f3 Carrara.<\/p><\/blockquote>\n<p>En tanto, el vicepresidente de la Comisi\u00f3n de Industria y Miner\u00eda en Diputados<strong> explic\u00f3 en detalle su proyecto de \u201cLey Pyme\u201d<\/strong>, que <a href=\"https:\/\/cdnoticias.com\/index.php\/2020\/10\/12\/es-un-momento-crucial-para-que-no-colapse-el-sistema-productivo-de-la-provincia\/\">present\u00f3 en la Legislatura<\/a> el mes pasado. <strong>\u201cBuscamos que las Pymes del territorio bonaerense puedan lograr una estabilidad fiscal, en un contexto de reglas claras para poder desarrollarse favorablemente, con el Estado a su lado\u201d<\/strong> dijo. Carrara concluy\u00f3 en que \u201cnecesitamos generar una serie de acuerdos para no estar sujetos al corto plazo ni a los cambios permanentes, en pos de establecer un marco para promover el empleo y crecimiento econ\u00f3mico\u201d.<\/p>\n<p>Por \u00faltimo, cabe recordar que la <a href=\"https:\/\/cdnoticias.com\/index.php\/2020\/11\/03\/la-union-industrial-olavarria-presente-en-somos-industria\/\">Uni\u00f3n Industrial de Olavarr\u00eda<\/a> dio a conocer d\u00edas pasados su participaci\u00f3n en estas mismas jornadas.<\/p>\n","protected":false},"excerpt":{"rendered":"<p>\u201cLa Provincia necesita un proyecto productivo que trascienda la coyuntura y el corto plazo\u201d sostuvo el legislador provincial quien present\u00f3<\/p>\n","protected":false},"author":4,"featured_media":5700,"comment_status":"closed","ping_status":"closed","sticky":false,"template":"","format":"standard","meta":{"_jetpack_memberships_contains_paid_content":false,"footnotes":""},"categories":[4,1],"tags":[],"class_list":["post-5699","post","type-post","status-publish","format-standard","has-post-thumbnail","hentry","category-politica","category-portada"],"jetpack_featured_media_url":"https:\/\/i0.wp.com\/cdnoticias.com\/wp-content\/uploads\/2020\/11\/Carrara-Somos-Industria.jpg?fit=681%2C379&ssl=1","jetpack_sharing_enabled":true,"_links":{"self":[{"href":"https:\/\/cdnoticias.com\/index.php\/wp-json\/wp\/v2\/posts\/5699","targetHints":{"allow":["GET"]}}],"collection":[{"href":"https:\/\/cdnoticias.com\/index.php\/wp-json\/wp\/v2\/posts"}],"about":[{"href":"https:\/\/cdnoticias.com\/index.php\/wp-json\/wp\/v2\/types\/post"}],"author":[{"embeddable":true,"href":"https:\/\/cdnoticias.com\/index.php\/wp-json\/wp\/v2\/users\/4"}],"replies":[{"embeddable":true,"href":"https:\/\/cdnoticias.com\/index.php\/wp-json\/wp\/v2\/comments?post=5699"}],"version-history":[{"count":0,"href":"https:\/\/cdnoticias.com\/index.php\/wp-json\/wp\/v2\/posts\/5699\/revisions"}],"wp:featuredmedia":[{"embeddable":true,"href":"https:\/\/cdnoticias.com\/index.php\/wp-json\/wp\/v2\/media\/5700"}],"wp:attachment":[{"href":"https:\/\/cdnoticias.com\/index.php\/wp-json\/wp\/v2\/media?parent=5699"}],"wp:term":[{"taxonomy":"category","embeddable":true,"href":"https:\/\/cdnoticias.com\/index.php\/wp-json\/wp\/v2\/categories?post=5699"},{"taxonomy":"post_tag","embeddable":true,"href":"https:\/\/cdnoticias.com\/index.php\/wp-json\/wp\/v2\/tags?post=5699"}],"curies":[{"name":"wp","href":"https:\/\/api.w.org\/{rel}","templated":true}]}}