{"id":56972,"date":"2022-06-09T21:29:30","date_gmt":"2022-06-10T00:29:30","guid":{"rendered":"https:\/\/www.centraldenoticias.com.ar\/?p=56972"},"modified":"2022-06-09T21:32:08","modified_gmt":"2022-06-10T00:32:08","slug":"quien-le-falto-el-respeto-a-la-juventud-y-sobre-todo-a-los-vecinos-son-quienes-estan-sentados-en-una-banca","status":"publish","type":"post","link":"https:\/\/cdnoticias.com\/index.php\/2022\/06\/09\/quien-le-falto-el-respeto-a-la-juventud-y-sobre-todo-a-los-vecinos-son-quienes-estan-sentados-en-una-banca\/","title":{"rendered":"\u201cQuien le falt\u00f3 el respeto a la juventud y sobre todo a los vecinos son quienes est\u00e1n sentados en una banca\u201d"},"content":{"rendered":"<p>J\u00f3venes Pro nuevamente respondieron a los dichos de la concejala \u00c1lvarez y se\u00f1al\u00f3 que fue una falta de respeto se\u00f1alar que \u201cfueron enviados por Galli\u201d: \u201cLa mula volver\u00e1 al trigo cuantas veces sean necesarias\u201d. <!--more--><\/p>\n<hr \/>\n<p>Idas y vueltas, idas y vueltas por un tema protagonista de la sesi\u00f3n ordinaria del HCD de este jueves. <strong>Un nuevo pedido de informes para conocer la situaci\u00f3n de la Facultad de Salud <a href=\"https:\/\/cdnoticias.com\/index.php\/2022\/06\/09\/alvarez-a-los-jovenes-pro-hay-otros-temas-sobre-los-que-pueden-empezar-a-presentar-proyectos\/\" target=\"_blank\" rel=\"noopener\">gener\u00f3 una respuesta.<\/a> Y una nueva contra respuesta.<\/strong><\/p>\n<p>&nbsp;<\/p>\n<p><strong>Los J\u00f3venes Pro acusaron a Natalia \u00c1lvarez de<em> \u201cfaltarles el respeto\u201d<\/em><\/strong> por se\u00f1alar que <em>\u201cfueron enviados por el Intendente Galli\u201d<\/em> a reiterar la solicitud de informaci\u00f3n respecto al estado de situaci\u00f3n de la Licitaci\u00f3n para reactivar las obras en la casa de estudios.<\/p>\n<p>&nbsp;<\/p>\n<p>De todas maneras, solo hicieron menci\u00f3n al pedido de informes y<strong> no respondieron a las acusaciones vertidas por \u00c1lvarez por la situaci\u00f3n del sistema de Salud del Partido.\u00a0<\/strong><\/p>\n<p>&nbsp;<\/p>\n<p><em>\u201cLa mula volver\u00e1 al trigo cuantas veces sean necesarias porque como juventud y espacio creemos que es importante llevar el reclamo de cientos de personas (estudiantes, vecinos, profesores, profesionales de la salud, etc), al recinto y pedir una respuesta tal como cualquier vecino puede hacerlo al presentar un proyecto ante el HCD\u201d<\/em> mencionaron en el comunicado.<\/p>\n<p>&nbsp;<\/p>\n<p>Justamente, tomaron los dichos de \u00c1lvarez y respondieron que <em>\u201cse dijo que era raro que la juventud se preocupe por la educaci\u00f3n y especialmente por la p\u00fablica. <strong>No es raro, nos atraviesa como sociedad y siempre defendimos la educaci\u00f3n p\u00fablica como lo hace a diario la gesti\u00f3n del Intendente<\/strong>, y eso se puede ver en cada obra que se inicia y se termina en las instituciones educativas de nuestro partido\u201d.<\/em><\/p>\n<p>&nbsp;<\/p>\n<blockquote><p>\u201cQuien hoy le falt\u00f3 el respeto a la juventud y sobre todo a los cientos de vecinos que apoyaron nuestro proyecto, subestimando nuestra participaci\u00f3n en la pol\u00edtica, son justamente quienes sentados en una banca deber\u00edan darnos el ejemplo\u201d.<\/p><\/blockquote>\n<p>&nbsp;<\/p>\n<p>Indicaron, a su vez, que <em>\u201cdesde el 2015 venimos recorriendo la ciudad junto a nuestros referentes, acompa\u00f1ando cada acci\u00f3n que realizan para formarnos y tambi\u00e9n llevando adelante nuestras propias iniciativas\u201d.<\/em><\/p>\n<p>&nbsp;<\/p>\n<blockquote class=\"twitter-tweet\">\n<p dir=\"ltr\" lang=\"es\">No aflojen <a href=\"https:\/\/twitter.com\/JProOlavarria?ref_src=twsrc%5Etfw\">@JProOlavarria<\/a><br \/>\nLadran Sancho\u2026se\u00f1al que vienen cabalgando \ud83d\udcaa\ud83d\udcaa <a href=\"https:\/\/t.co\/FMBgaMjK54\">https:\/\/t.co\/FMBgaMjK54<\/a><\/p>\n<p>\u2014 Ezequiel Galli (@ezequielgalli) <a href=\"https:\/\/twitter.com\/ezequielgalli\/status\/1535045518111424514?ref_src=twsrc%5Etfw\">June 9, 2022<\/a><\/p><\/blockquote>\n<p><script async src=\"https:\/\/platform.twitter.com\/widgets.js\" charset=\"utf-8\"><\/script><\/p>\n<p>&nbsp;<\/p>\n<p>En ese sentido, defendieron al Intendente y lo posicionaron como <em>\u201cun l\u00edder con el que compartimos valores y principios, pero sobre todo el respeto y la libertad de, como juventud, generar nuestra propia agenda porque como \u00e9l nos ense\u00f1\u00f3, se debe escuchar y hacer valer la voz de los vecinos\u201d.<\/em><\/p>\n<p>&nbsp;<\/p>\n<p>Se\u00f1alaron que pertenecen a Juntos, que es<em> \u201cun espacio amplio, diverso y libre\u201d.<\/em> Las expresiones<strong><em> \u201chacia nosotros no hacen m\u00e1s que fortalecernos para seguir pensando y generando nuevos proyectos que seguramente volver\u00e1n a estar en pr\u00f3ximas sesiones del Honorable Concejo Deliberante\u201d<\/em><\/strong> cerraron.<\/p>\n","protected":false},"excerpt":{"rendered":"<p>J\u00f3venes Pro nuevamente respondieron a los dichos de la concejala \u00c1lvarez y se\u00f1al\u00f3 que fue una falta de respeto se\u00f1alar<\/p>\n","protected":false},"author":5,"featured_media":55731,"comment_status":"closed","ping_status":"closed","sticky":false,"template":"","format":"standard","meta":{"_jetpack_memberships_contains_paid_content":false,"footnotes":""},"categories":[4,1],"tags":[],"class_list":["post-56972","post","type-post","status-publish","format-standard","has-post-thumbnail","hentry","category-politica","category-portada"],"jetpack_featured_media_url":"https:\/\/i0.wp.com\/cdnoticias.com\/wp-content\/uploads\/2022\/05\/fichalimpia-jovenes-pro-olavarria-2.jpg?fit=1600%2C900&ssl=1","jetpack_sharing_enabled":true,"_links":{"self":[{"href":"https:\/\/cdnoticias.com\/index.php\/wp-json\/wp\/v2\/posts\/56972","targetHints":{"allow":["GET"]}}],"collection":[{"href":"https:\/\/cdnoticias.com\/index.php\/wp-json\/wp\/v2\/posts"}],"about":[{"href":"https:\/\/cdnoticias.com\/index.php\/wp-json\/wp\/v2\/types\/post"}],"author":[{"embeddable":true,"href":"https:\/\/cdnoticias.com\/index.php\/wp-json\/wp\/v2\/users\/5"}],"replies":[{"embeddable":true,"href":"https:\/\/cdnoticias.com\/index.php\/wp-json\/wp\/v2\/comments?post=56972"}],"version-history":[{"count":0,"href":"https:\/\/cdnoticias.com\/index.php\/wp-json\/wp\/v2\/posts\/56972\/revisions"}],"wp:featuredmedia":[{"embeddable":true,"href":"https:\/\/cdnoticias.com\/index.php\/wp-json\/wp\/v2\/media\/55731"}],"wp:attachment":[{"href":"https:\/\/cdnoticias.com\/index.php\/wp-json\/wp\/v2\/media?parent=56972"}],"wp:term":[{"taxonomy":"category","embeddable":true,"href":"https:\/\/cdnoticias.com\/index.php\/wp-json\/wp\/v2\/categories?post=56972"},{"taxonomy":"post_tag","embeddable":true,"href":"https:\/\/cdnoticias.com\/index.php\/wp-json\/wp\/v2\/tags?post=56972"}],"curies":[{"name":"wp","href":"https:\/\/api.w.org\/{rel}","templated":true}]}}