{"id":56970,"date":"2022-06-09T21:10:56","date_gmt":"2022-06-10T00:10:56","guid":{"rendered":"https:\/\/www.centraldenoticias.com.ar\/?p=56970"},"modified":"2022-06-10T08:36:08","modified_gmt":"2022-06-10T11:36:08","slug":"alvarez-a-los-jovenes-pro-hay-otros-temas-sobre-los-que-pueden-empezar-a-presentar-proyectos","status":"publish","type":"post","link":"https:\/\/cdnoticias.com\/index.php\/2022\/06\/09\/alvarez-a-los-jovenes-pro-hay-otros-temas-sobre-los-que-pueden-empezar-a-presentar-proyectos\/","title":{"rendered":"\u00c1lvarez a los J\u00f3venes Pro: \u201chay otros temas sobre los que pueden empezar a presentar proyectos\u201d"},"content":{"rendered":"<p>La concejala del Frente de Todos carg\u00f3 con dureza por el nuevo pedido de informes por la Facultad de Salud: \u201cHay demasiadas irregularidades en el sistema de salud de Olavarr\u00eda sobre las cuales el intendente Galli podr\u00eda mandar a los J\u00f3venes Pro a averiguar\u201d. <!--more--><\/p>\n<hr \/>\n<p>La concejala <strong>Natalia \u00c1lvarez respondi\u00f3 nuevamente a los J\u00f3venes del PRO que se encontraban en el recinto y quienes presentaron por segunda vez un proyecto de comunicaci\u00f3n solicitando informaci\u00f3n sobre la obra de la Facultad de Ciencias de la Salud.<\/strong> Todo en el marco de una nueva sesi\u00f3n ordinaria del HCD.<\/p>\n<p>&nbsp;<\/p>\n<p>En ese sentido la edil record\u00f3 que<em> \u201cel 12 de mayo presentaron una comunicaci\u00f3n manifestando preocupaci\u00f3n, <strong>en aquel momento festej\u00e9 que a la juventud le preocupara la educaci\u00f3n p\u00fablica.<\/strong> Hoy me preocupa un poco, no s\u00e9 si est\u00e1n faltos de ideas, podr\u00eda ser, ya que hace poco presentaron un proyecto que ya hab\u00eda enviado otra concejala de otro bloque o acaso est\u00e1n hostigando\u201d.<\/em><\/p>\n<p>&nbsp;<\/p>\n<blockquote><p>\u201cLa verdad es que considerando esta nueva presentaci\u00f3n y como titul\u00f3 alg\u00fan diario antes de ayer \u00b4Galli manda a la juventud para presionar\u00b4, hay otros temas sobre los que pueden empezar a presentar proyectos, pedidos de informes o comunicaciones. Son varios, les cuento por si no saben algunas cosas que est\u00e1n pasando en Olavarr\u00eda\u201d.<\/p><\/blockquote>\n<p>&nbsp;<\/p>\n<p>Aqu\u00ed, carg\u00f3 con dureza contra la gesti\u00f3n del Intendente: <em>\u201chay localidades que siguen sin m\u00e9dicos. Sierra Chica no tiene m\u00e9dicos, en Loma Negra los vecinos y vecinas se pueden enfermar solamente los martes y jueves. Las ambulancias no tienen mantenimiento. En la nueva obra de ampliaci\u00f3n del Hospital Municipal hubo errores de c\u00e1lculos que preocupan al personal.<strong> El hospital de Hinojo se llueve, ayer se vino abajo el techo de un ba\u00f1o de una habitaci\u00f3n del Hospital H\u00e9ctor Cura.<\/strong> Los fines de semana en Hospital de Olavarr\u00eda no hay m\u00e9dicos en las guardias y durante la semana la espera es de m\u00e1s de dos horas\u201d.<\/em><\/p>\n<p>&nbsp;<\/p>\n<p>Para cerrar, volvi\u00f3 a mencionar el pedido de informes y trajo palabras de otras discusiones: <em>\u201choy se habl\u00f3 en este recinto de la buena fe, buena fe es ir y consultarle al decano sobre la situaci\u00f3n de la instituci\u00f3n. La obra de la Facultad, como explic\u00f3 el decano, como toda obra p\u00fablica tiene sus tiempos. \u00bfPara qu\u00e9 quieren desviar la mirada? No sabemos, pero hay sobrados motivos para tratar de imponer que se hable de esto y no de la preocupante situaci\u00f3n de salud local\u201d.<\/em><\/p>\n","protected":false},"excerpt":{"rendered":"<p>La concejala del Frente de Todos carg\u00f3 con dureza por el nuevo pedido de informes por la Facultad de Salud:<\/p>\n","protected":false},"author":5,"featured_media":53047,"comment_status":"closed","ping_status":"closed","sticky":false,"template":"","format":"standard","meta":{"_jetpack_memberships_contains_paid_content":false,"footnotes":""},"categories":[4,1],"tags":[],"class_list":["post-56970","post","type-post","status-publish","format-standard","has-post-thumbnail","hentry","category-politica","category-portada"],"jetpack_featured_media_url":"https:\/\/i0.wp.com\/cdnoticias.com\/wp-content\/uploads\/2022\/04\/HCD-natalia-alvarez.jpg?fit=800%2C445&ssl=1","jetpack_sharing_enabled":true,"_links":{"self":[{"href":"https:\/\/cdnoticias.com\/index.php\/wp-json\/wp\/v2\/posts\/56970","targetHints":{"allow":["GET"]}}],"collection":[{"href":"https:\/\/cdnoticias.com\/index.php\/wp-json\/wp\/v2\/posts"}],"about":[{"href":"https:\/\/cdnoticias.com\/index.php\/wp-json\/wp\/v2\/types\/post"}],"author":[{"embeddable":true,"href":"https:\/\/cdnoticias.com\/index.php\/wp-json\/wp\/v2\/users\/5"}],"replies":[{"embeddable":true,"href":"https:\/\/cdnoticias.com\/index.php\/wp-json\/wp\/v2\/comments?post=56970"}],"version-history":[{"count":0,"href":"https:\/\/cdnoticias.com\/index.php\/wp-json\/wp\/v2\/posts\/56970\/revisions"}],"wp:featuredmedia":[{"embeddable":true,"href":"https:\/\/cdnoticias.com\/index.php\/wp-json\/wp\/v2\/media\/53047"}],"wp:attachment":[{"href":"https:\/\/cdnoticias.com\/index.php\/wp-json\/wp\/v2\/media?parent=56970"}],"wp:term":[{"taxonomy":"category","embeddable":true,"href":"https:\/\/cdnoticias.com\/index.php\/wp-json\/wp\/v2\/categories?post=56970"},{"taxonomy":"post_tag","embeddable":true,"href":"https:\/\/cdnoticias.com\/index.php\/wp-json\/wp\/v2\/tags?post=56970"}],"curies":[{"name":"wp","href":"https:\/\/api.w.org\/{rel}","templated":true}]}}