{"id":56938,"date":"2022-06-09T14:00:55","date_gmt":"2022-06-09T17:00:55","guid":{"rendered":"https:\/\/www.centraldenoticias.com.ar\/?p=56938"},"modified":"2022-06-12T01:30:07","modified_gmt":"2022-06-12T04:30:07","slug":"el-municipio-se-reunio-con-el-colegio-de-veterinarios-por-la-apertura-del-centro-veterinario","status":"publish","type":"post","link":"https:\/\/cdnoticias.com\/index.php\/2022\/06\/09\/el-municipio-se-reunio-con-el-colegio-de-veterinarios-por-la-apertura-del-centro-veterinario\/","title":{"rendered":"El Municipio se reuni\u00f3 con el Colegio de Veterinarios por la apertura del Centro Veterinario"},"content":{"rendered":"<p class=\"MsoNormal\">\u00a0El funcionamiento del nuevo servicio fue el eje de la charla. Fue protagonizada por el secretario de Salud, Germ\u00e1n Caputo, autoridades de Bromatolog\u00eda y el presidente del Colegio de Veterinarios.<!--more--><\/p>\n<hr \/>\n<p class=\"MsoNormal\">D\u00edas atr\u00e1s se llev\u00f3 a cabo una importante reuni\u00f3n que se enmarc\u00f3 en la <strong>pronta apertura del Centro de Atenci\u00f3n Veterinaria Municipal<\/strong>, de la que tomaron parte autoridades del \u00e1mbito de salud municipal y <strong>referentes del Colegio de Veterinarios del Distrito XIV<\/strong>, el cual integran Olavarr\u00eda y varios distritos vecinos del centro bonaerense.<\/p>\n<p>&nbsp;<\/p>\n<p class=\"MsoNormal\">El encuentro fue protagonizado por el <strong>secretario de Salud, Germ\u00e1n Caputo<\/strong>, quien estuvo acompa\u00f1ado por el <strong>subsecretario de Recursos de Salud, Alexis Armanini<\/strong>, y autoridades de la <strong>Direcci\u00f3n de Bromatolog\u00eda Municipal<\/strong>, y el doctor <strong>Jos\u00e9 Leandro Irigoyen, presidente del Colegio de Veterinarios del Distrito XIV<\/strong>.<\/p>\n<p>&nbsp;<\/p>\n<blockquote>\n<p class=\"MsoNormal\">Seg\u00fan se inform\u00f3, el di\u00e1logo apunt\u00f3 a la modalidad de trabajo a implementar, horarios de funcionamiento del Centro municipal. Desde el Municipio se enfatiz\u00f3 en que \u201cel objetivo es mejorar las condiciones edilicias tanto para el personal como para las personas que utilizan el servicio, continuando con las esterilizaciones en caninos y felinos y las atenciones primarias en horario reducido\u201d.<\/p>\n<\/blockquote>\n<p>&nbsp;<\/p>\n<p class=\"MsoNormal\">Por otro lado, <strong>se propuso contar con la bolsa de trabajo del Colegio de Veterinarios<\/strong> para futuras contrataciones de personal profesional.<\/p>\n<p>&nbsp;<\/p>\n","protected":false},"excerpt":{"rendered":"<p>\u00a0El funcionamiento del nuevo servicio fue el eje de la charla. Fue protagonizada por el secretario de Salud, Germ\u00e1n Caputo,<\/p>\n","protected":false},"author":4,"featured_media":46533,"comment_status":"closed","ping_status":"closed","sticky":false,"template":"","format":"standard","meta":{"_jetpack_memberships_contains_paid_content":false,"footnotes":""},"categories":[5,1],"tags":[],"class_list":["post-56938","post","type-post","status-publish","format-standard","has-post-thumbnail","hentry","category-informacion-general","category-portada"],"jetpack_featured_media_url":"https:\/\/i0.wp.com\/cdnoticias.com\/wp-content\/uploads\/2022\/02\/centro-veterinario-00.jpg?fit=800%2C445&ssl=1","jetpack_sharing_enabled":true,"_links":{"self":[{"href":"https:\/\/cdnoticias.com\/index.php\/wp-json\/wp\/v2\/posts\/56938","targetHints":{"allow":["GET"]}}],"collection":[{"href":"https:\/\/cdnoticias.com\/index.php\/wp-json\/wp\/v2\/posts"}],"about":[{"href":"https:\/\/cdnoticias.com\/index.php\/wp-json\/wp\/v2\/types\/post"}],"author":[{"embeddable":true,"href":"https:\/\/cdnoticias.com\/index.php\/wp-json\/wp\/v2\/users\/4"}],"replies":[{"embeddable":true,"href":"https:\/\/cdnoticias.com\/index.php\/wp-json\/wp\/v2\/comments?post=56938"}],"version-history":[{"count":0,"href":"https:\/\/cdnoticias.com\/index.php\/wp-json\/wp\/v2\/posts\/56938\/revisions"}],"wp:featuredmedia":[{"embeddable":true,"href":"https:\/\/cdnoticias.com\/index.php\/wp-json\/wp\/v2\/media\/46533"}],"wp:attachment":[{"href":"https:\/\/cdnoticias.com\/index.php\/wp-json\/wp\/v2\/media?parent=56938"}],"wp:term":[{"taxonomy":"category","embeddable":true,"href":"https:\/\/cdnoticias.com\/index.php\/wp-json\/wp\/v2\/categories?post=56938"},{"taxonomy":"post_tag","embeddable":true,"href":"https:\/\/cdnoticias.com\/index.php\/wp-json\/wp\/v2\/tags?post=56938"}],"curies":[{"name":"wp","href":"https:\/\/api.w.org\/{rel}","templated":true}]}}