{"id":56932,"date":"2022-06-09T13:21:22","date_gmt":"2022-06-09T16:21:22","guid":{"rendered":"https:\/\/www.centraldenoticias.com.ar\/?p=56932"},"modified":"2022-06-09T13:21:22","modified_gmt":"2022-06-09T16:21:22","slug":"no-vamos-a-parar-hasta-que-enzo-tenga-justicia","status":"publish","type":"post","link":"https:\/\/cdnoticias.com\/index.php\/2022\/06\/09\/no-vamos-a-parar-hasta-que-enzo-tenga-justicia\/","title":{"rendered":"\u201cNo vamos a parar hasta que Enzo tenga justicia\u201d"},"content":{"rendered":"<p>A dos a\u00f1os y cuatro meses del asesinato de Enzo Marconi, su madre lo record\u00f3 y pidi\u00f3 la detenci\u00f3n del joven condenado por el crimen del adolescente olavarriense.<!--more--><\/p>\n<hr \/>\n<p>Yesica Salguero, madre de Enzo Marconi, el adolescente asesinado en el barrio Jard\u00edn, volvi\u00f3 a reiterar el <strong>pedido de justicia a dos a\u00f1os y cuatro meses de su muerte.<\/strong><\/p>\n<p>&nbsp;<\/p>\n<p>Recordemos que a mediados de octubre del a\u00f1o pasado el Juzgado local en lo Correccional conden\u00f3 a Sebasti\u00e1n El\u00edas S\u00e1nchez a la <a href=\"https:\/\/cdnoticias.com\/index.php\/2021\/10\/12\/boludo-me-pegaste-que-dice-la-sentencia-del-juicio-por-enzo-marconi\/\" target=\"_blank\" rel=\"noopener\">pena de 4 a\u00f1os de prisi\u00f3n, tras haberlo hallado culpable del delito de \u201chomicidio culposo\u201d.<\/a><\/p>\n<p>&nbsp;<\/p>\n<p>No obstante, el joven a\u00fan no fue detenido ya que <strong>la sentencia no se encuentra firme debido a la apelaci\u00f3n llevada a cabo desde su defensa.<\/strong> Ese precisamente es el reclamo del entorno de Enzo, pidiendo que el acusado lleve adelante un efectivo cumplimiento de la pena.<\/p>\n<p>&nbsp;<\/p>\n<blockquote><p>\u201cSeguimos luchando contra este sistema que protege asesinos. No hay a parar hasta que el homicida este preso. No vamos a parar hasta que Enzo tenga justicia\u201d, indic\u00f3 Salguero.<\/p><\/blockquote>\n<p>&nbsp;<\/p>\n<p>Con marcadas muestras de dolor, record\u00f3 a su hijo como \u201cun chico estudioso, trabajador, familiero\u201d y concluy\u00f3:<strong> \u201cEnzo era todo para nosotros, nos mataron en vida\u201d.<\/strong><\/p>\n","protected":false},"excerpt":{"rendered":"<p>A dos a\u00f1os y cuatro meses del asesinato de Enzo Marconi, su madre lo record\u00f3 y pidi\u00f3 la detenci\u00f3n del<\/p>\n","protected":false},"author":5,"featured_media":33400,"comment_status":"closed","ping_status":"closed","sticky":false,"template":"","format":"standard","meta":{"_jetpack_memberships_contains_paid_content":false,"footnotes":""},"categories":[14,1],"tags":[],"class_list":["post-56932","post","type-post","status-publish","format-standard","has-post-thumbnail","hentry","category-policiales","category-portada"],"jetpack_featured_media_url":"https:\/\/i0.wp.com\/cdnoticias.com\/wp-content\/uploads\/2021\/09\/juicio-enzo-marconi-yesica-salguero-02.jpg?fit=800%2C445&ssl=1","jetpack_sharing_enabled":true,"_links":{"self":[{"href":"https:\/\/cdnoticias.com\/index.php\/wp-json\/wp\/v2\/posts\/56932","targetHints":{"allow":["GET"]}}],"collection":[{"href":"https:\/\/cdnoticias.com\/index.php\/wp-json\/wp\/v2\/posts"}],"about":[{"href":"https:\/\/cdnoticias.com\/index.php\/wp-json\/wp\/v2\/types\/post"}],"author":[{"embeddable":true,"href":"https:\/\/cdnoticias.com\/index.php\/wp-json\/wp\/v2\/users\/5"}],"replies":[{"embeddable":true,"href":"https:\/\/cdnoticias.com\/index.php\/wp-json\/wp\/v2\/comments?post=56932"}],"version-history":[{"count":0,"href":"https:\/\/cdnoticias.com\/index.php\/wp-json\/wp\/v2\/posts\/56932\/revisions"}],"wp:featuredmedia":[{"embeddable":true,"href":"https:\/\/cdnoticias.com\/index.php\/wp-json\/wp\/v2\/media\/33400"}],"wp:attachment":[{"href":"https:\/\/cdnoticias.com\/index.php\/wp-json\/wp\/v2\/media?parent=56932"}],"wp:term":[{"taxonomy":"category","embeddable":true,"href":"https:\/\/cdnoticias.com\/index.php\/wp-json\/wp\/v2\/categories?post=56932"},{"taxonomy":"post_tag","embeddable":true,"href":"https:\/\/cdnoticias.com\/index.php\/wp-json\/wp\/v2\/tags?post=56932"}],"curies":[{"name":"wp","href":"https:\/\/api.w.org\/{rel}","templated":true}]}}