{"id":56910,"date":"2022-06-09T12:30:37","date_gmt":"2022-06-09T15:30:37","guid":{"rendered":"https:\/\/www.centraldenoticias.com.ar\/?p=56910"},"modified":"2022-06-09T14:06:48","modified_gmt":"2022-06-09T17:06:48","slug":"juan-sanchez-lo-blindaron-para-que-no-se-aplique-la-sancion-que-preve-la-ley","status":"publish","type":"post","link":"https:\/\/cdnoticias.com\/index.php\/2022\/06\/09\/juan-sanchez-lo-blindaron-para-que-no-se-aplique-la-sancion-que-preve-la-ley\/","title":{"rendered":"Juan S\u00e1nchez: \u201clo blindaron para que no se aplique la sanci\u00f3n que prev\u00e9 la ley\u201d"},"content":{"rendered":"<p>El inicio de la sesi\u00f3n del HCD estuvo marcado otra vez por la discusi\u00f3n generada a partir de la presencia del concejal Fr\u00edas en su banca. El Frente de Todos pidi\u00f3 la cesant\u00eda y describi\u00f3 una \u201cgrav\u00edsima crisis institucional\u201d.<!--more--><\/p>\n<hr \/>\n<p>Las miradas puestas en el inicio de la s\u00e9ptima sesi\u00f3n del Honorable Concejo Deliberante a partir de la presencia en su banca del concejal Javier Fr\u00edas, <a href=\"https:\/\/cdnoticias.com\/index.php\/2022\/06\/08\/la-septima-sesion-ordinaria-del-hcd-tendra-a-javier-frias-sentado-en-su-banca\/\" target=\"_blank\" rel=\"noopener\">se\u00f1alado en su doble rol de edil y proveedor municipal.<\/a><\/p>\n<p>&nbsp;<\/p>\n<p>Como se presum\u00eda, el Frente de Todos en la voz del concejal <strong>Juan S\u00e1nchez<\/strong> pidi\u00f3 la palabra para referirse al tema y se explay\u00f3 en las defensas medi\u00e1ticas esgrimidas por concejales, funcionarios municipales y hasta el mismo Fr\u00edas.<\/p>\n<p>&nbsp;<\/p>\n<p>Adem\u00e1s, hizo referencia al<a href=\"https:\/\/cdnoticias.com\/index.php\/2022\/06\/07\/hcd-cambiemos-busca-salvar-la-incompatibilidad-de-frias-con-la-cesion-de-derechos-y-acciones\/\" target=\"_blank\" rel=\"noopener\"> documento presentado por el concejal para ceder los derechos de la panader\u00eda<\/a> de la que es proveedor. S\u00e1nchez se\u00f1al\u00f3 que \u201cno hemos visto nada a\u00fan, nos hemos enterado que hay una cesi\u00f3n del fondo de comercio\u201d y mencion\u00f3 como falaz \u201cpretender transformar una inhabilidad de origen e insalvable en un acto legal con efecto retroactivo\u201d.<\/p>\n<p>&nbsp;<\/p>\n<p>S\u00e1nchez record\u00f3 que se realiz\u00f3 la consulta formal al <strong>Honorable Tribunal de Cuentas y a la Asesor\u00eda General de Gobierno.<\/strong> Al respecto, debe tenerse en cuenta que a\u00fan no hubo una opini\u00f3n sobre el caso y se estima que se realice en las pr\u00f3ximas semanas.<\/p>\n<p>&nbsp;<\/p>\n<p>Para el Frente de Todos \u201cel an\u00e1lisis de la situaci\u00f3n planteada<strong> tiene solamente una salida que es la cesant\u00eda del concejal confeso proveedor municipal<\/strong>\u201d y pidi\u00f3 a la presidencia \u201cpor tercera vez\u201d que aplique la Ley Org\u00e1nica de las Municipalidades (LOM).<\/p>\n<p>&nbsp;<\/p>\n<p><strong>Cecilia Krivochen<\/strong> respondi\u00f3 que \u201cel cuerpo ha tomado una decisi\u00f3n con respecto a este tema y le informo que acabo de recibir una actuaci\u00f3n notarial que se incorporar\u00e1 al expedientillo\u201d.<\/p>\n<p>&nbsp;<\/p>\n<p><img data-recalc-dims=\"1\" loading=\"lazy\" decoding=\"async\" class=\"aligncenter size-full wp-image-56916\" src=\"https:\/\/i0.wp.com\/cdnoticias.com\/wp-content\/uploads\/2022\/06\/HCD-sanchez-landivar.jpeg?resize=800%2C534&#038;ssl=1\" alt=\"\" width=\"800\" height=\"534\" srcset=\"https:\/\/i0.wp.com\/cdnoticias.com\/wp-content\/uploads\/2022\/06\/HCD-sanchez-landivar.jpeg?w=1280&amp;ssl=1 1280w, https:\/\/i0.wp.com\/cdnoticias.com\/wp-content\/uploads\/2022\/06\/HCD-sanchez-landivar.jpeg?resize=300%2C200&amp;ssl=1 300w, https:\/\/i0.wp.com\/cdnoticias.com\/wp-content\/uploads\/2022\/06\/HCD-sanchez-landivar.jpeg?resize=1024%2C684&amp;ssl=1 1024w, https:\/\/i0.wp.com\/cdnoticias.com\/wp-content\/uploads\/2022\/06\/HCD-sanchez-landivar.jpeg?resize=768%2C513&amp;ssl=1 768w, https:\/\/i0.wp.com\/cdnoticias.com\/wp-content\/uploads\/2022\/06\/HCD-sanchez-landivar.jpeg?resize=272%2C182&amp;ssl=1 272w\" sizes=\"auto, (max-width: 800px) 100vw, 800px\" \/><\/p>\n<p>&nbsp;<\/p>\n<p>S\u00e1nchez continu\u00f3 con la menci\u00f3n de distintas declaraciones, testimonios y notas realizadas por el intendente Ezequiel Galli, concejales y funcionarios municipales en distintos medios de comunicaci\u00f3n.<\/p>\n<p>&nbsp;<\/p>\n<p>\u201cQueremos desterrar y desbaratar este burdo intento por transformar al concejal y proveedor inh\u00e1bil en vez de c\u00f3mplice con el Ejecutivo de Galli, en una victima del malvado accionar pol\u00edtico de este bloque\u201d y subray\u00f3 que \u201cen ning\u00fan momento dejamos de tratar con suma delicadeza el hecho fortuito pero inevitable de la muerte\u201d en referencia al fallecimiento del padre de Fr\u00edas, titular de la panader\u00eda La Dulzura.<\/p>\n<p>&nbsp;<\/p>\n<p>\u201cTampoco pusimos en duda si es un ejemplo de trabajo o de fomentista\u201d, se\u00f1al\u00f3 S\u00e1nchez y agreg\u00f3:<strong> \u201cnos referimos al hecho de corrupci\u00f3n, nunca ni a la moral, ni a la familia como quisieron responsabilizarnos\u201d.<\/strong><\/p>\n<p>&nbsp;<\/p>\n<blockquote><p>\u201cSomos responsables pero solo de lo que decimos y de lo que hacemos, no de sus proyecciones\u201d, sintetiz\u00f3.<\/p><\/blockquote>\n<p>&nbsp;<\/p>\n<p>\u201cTodos los defensores municipales esgrimen que <strong>el proveedor es la Sucesi\u00f3n<\/strong>, como si no fuera un patrimonio indiviso, que el porcentaje es menor, es decir es proveedor en un 16,6 por ciento, por lo tanto cometi\u00f3 un acto de corrupci\u00f3n solo en el 16,6 por ciento, esto es inaudito, es incre\u00edble, y encima lo ponen como justificativo\u201d, resalt\u00f3 el concejal del Frente de Todos.<\/p>\n<p>&nbsp;<\/p>\n<p>Por otra parte, S\u00e1nchez se detuvo en analizar las <strong>adjudicaciones<\/strong>. \u201cDec\u00edan que se adjudic\u00f3 siempre siendo el precio m\u00e1s bajo y en concursos p\u00fablicos. <strong>Hay al menos dos adjudicaciones directas y una readjudicaci\u00f3n.<\/strong> Esas adjudicaciones directas son una de 174 mil pesos y otra de 17 mil pesos\u201d.<\/p>\n<p>&nbsp;<\/p>\n<p>\u201cTambi\u00e9n dijo Hilario Galli que el monto que se factur\u00f3 es de 45 mil pesos de lo que a \u00e9l le corresponder\u00eda un 16,6 por ciento. Haciendo una siempre cuenta el se\u00f1or Hilario Galli nos dice que lo que cobrar\u00eda el concejal ser\u00eda 7.470 pesos\u201d y aclar\u00f3: <strong>\u201cpor las cuentas que hemos hecho y ac\u00e1 quiero hacer hincapi\u00e9, estamos hablando de un desfalco al Municipio cercano o superior a los dos millones de pesos, dependiendo de c\u00f3mo se tome su participaci\u00f3n accionaria\u201d.<\/strong><\/p>\n<p>&nbsp;<\/p>\n<p><img data-recalc-dims=\"1\" loading=\"lazy\" decoding=\"async\" class=\"aligncenter size-full wp-image-56902\" src=\"https:\/\/i0.wp.com\/cdnoticias.com\/wp-content\/uploads\/2022\/06\/HCD-landivar.jpg?resize=800%2C443&#038;ssl=1\" alt=\"\" width=\"800\" height=\"443\" srcset=\"https:\/\/i0.wp.com\/cdnoticias.com\/wp-content\/uploads\/2022\/06\/HCD-landivar.jpg?w=944&amp;ssl=1 944w, https:\/\/i0.wp.com\/cdnoticias.com\/wp-content\/uploads\/2022\/06\/HCD-landivar.jpg?resize=300%2C166&amp;ssl=1 300w, https:\/\/i0.wp.com\/cdnoticias.com\/wp-content\/uploads\/2022\/06\/HCD-landivar.jpg?resize=768%2C425&amp;ssl=1 768w\" sizes=\"auto, (max-width: 800px) 100vw, 800px\" \/><\/p>\n<p>&nbsp;<\/p>\n<p>Este aspecto fue retomado por la <strong>presidenta del interbloque Frente de Todos, Mercedes Land\u00edvar<\/strong> al momento de su intervenci\u00f3n y resalt\u00f3 que \u201csi es un acto de corrupci\u00f3n, es un acto de corrupci\u00f3n. Ac\u00e1 y en todos lados, de cualquier espacio. <strong>Y no hay corrupci\u00f3n extra large, mediana, small. Hay acto de corrupci\u00f3n, no importa el porcentaje<\/strong>\u201d.<\/p>\n<p>&nbsp;<\/p>\n<p>En la \u00faltima parte de su discurso, S\u00e1nchez mencion\u00f3 <strong>\u201cel debido proceso\u201d.<\/strong> En ese sentido, indic\u00f3 que en este caso \u201cocurri\u00f3 exactamente al rev\u00e9s\u201d. Resalt\u00f3 que <strong>\u201cel acusado primero confes\u00f3 y las autoridades no abusaron ni negaron su posibilidad de defensa, sino todo lo contrario, lo blindaron para que no se aplique la sanci\u00f3n que prev\u00e9 la ley\u201d.<\/strong><\/p>\n<p>&nbsp;<\/p>\n<p>Cerr\u00f3 manifestando preocupaci\u00f3n ante <strong>\u201cla grav\u00edsima crisis institucional que atraviesa el HCD y el Municipio\u201d<\/strong> y \u201cobservamos y<strong> objetamos esta sesi\u00f3n, la anterior ordinaria y la especial de Rendici\u00f3n de Cuentas, y todas las votaciones que se realicen con la presencia en la sala de sesiones del se\u00f1or Javier Fr\u00edas<\/strong> desde que al menos fuera develada por este interbloque su inhabilidad\u201d.<\/p>\n","protected":false},"excerpt":{"rendered":"<p>El inicio de la sesi\u00f3n del HCD estuvo marcado otra vez por la discusi\u00f3n generada a partir de la presencia<\/p>\n","protected":false},"author":5,"featured_media":56920,"comment_status":"closed","ping_status":"closed","sticky":false,"template":"","format":"standard","meta":{"_jetpack_memberships_contains_paid_content":false,"footnotes":""},"categories":[4,1],"tags":[],"class_list":["post-56910","post","type-post","status-publish","format-standard","has-post-thumbnail","hentry","category-politica","category-portada"],"jetpack_featured_media_url":"https:\/\/i0.wp.com\/cdnoticias.com\/wp-content\/uploads\/2022\/06\/HCD-sanchez.jpeg?fit=1280%2C855&ssl=1","jetpack_sharing_enabled":true,"_links":{"self":[{"href":"https:\/\/cdnoticias.com\/index.php\/wp-json\/wp\/v2\/posts\/56910","targetHints":{"allow":["GET"]}}],"collection":[{"href":"https:\/\/cdnoticias.com\/index.php\/wp-json\/wp\/v2\/posts"}],"about":[{"href":"https:\/\/cdnoticias.com\/index.php\/wp-json\/wp\/v2\/types\/post"}],"author":[{"embeddable":true,"href":"https:\/\/cdnoticias.com\/index.php\/wp-json\/wp\/v2\/users\/5"}],"replies":[{"embeddable":true,"href":"https:\/\/cdnoticias.com\/index.php\/wp-json\/wp\/v2\/comments?post=56910"}],"version-history":[{"count":0,"href":"https:\/\/cdnoticias.com\/index.php\/wp-json\/wp\/v2\/posts\/56910\/revisions"}],"wp:featuredmedia":[{"embeddable":true,"href":"https:\/\/cdnoticias.com\/index.php\/wp-json\/wp\/v2\/media\/56920"}],"wp:attachment":[{"href":"https:\/\/cdnoticias.com\/index.php\/wp-json\/wp\/v2\/media?parent=56910"}],"wp:term":[{"taxonomy":"category","embeddable":true,"href":"https:\/\/cdnoticias.com\/index.php\/wp-json\/wp\/v2\/categories?post=56910"},{"taxonomy":"post_tag","embeddable":true,"href":"https:\/\/cdnoticias.com\/index.php\/wp-json\/wp\/v2\/tags?post=56910"}],"curies":[{"name":"wp","href":"https:\/\/api.w.org\/{rel}","templated":true}]}}