{"id":56871,"date":"2022-06-08T20:49:17","date_gmt":"2022-06-08T23:49:17","guid":{"rendered":"https:\/\/www.centraldenoticias.com.ar\/?p=56871"},"modified":"2022-06-09T08:46:18","modified_gmt":"2022-06-09T11:46:18","slug":"la-septima-sesion-ordinaria-del-hcd-tendra-a-javier-frias-sentado-en-su-banca","status":"publish","type":"post","link":"https:\/\/cdnoticias.com\/index.php\/2022\/06\/08\/la-septima-sesion-ordinaria-del-hcd-tendra-a-javier-frias-sentado-en-su-banca\/","title":{"rendered":"La s\u00e9ptima sesi\u00f3n ordinaria del HCD tendr\u00e1 a Javier Fr\u00edas sentado en su banca"},"content":{"rendered":"<p>As\u00ed fue confirmado por fuentes deliberativas en di\u00e1logo con Central de Noticias. Se\u00f1alaron que fue entregada la documentaci\u00f3n pertinente para ceder los derechos de la panader\u00eda de la que es proveedor.<!--more--><\/p>\n<hr \/>\n<p>Tras un di\u00e1logo con fuentes deliberativas del Concejo Deliberante, <strong>se confirm\u00f3 que en la s\u00e9ptima sesi\u00f3n ordinaria del HCD estar\u00e1 sentado en su banca Javier Fr\u00edas, acusado de ser edil y proveedor municipal en simult\u00e1neo.<\/strong><\/p>\n<p>&nbsp;<\/p>\n<p>Fue tras <strong>presentar la <a href=\"https:\/\/cdnoticias.com\/index.php\/2022\/06\/07\/hcd-cambiemos-busca-salvar-la-incompatibilidad-de-frias-con-la-cesion-de-derechos-y-acciones\/\" target=\"_blank\" rel=\"noopener\">documentaci\u00f3n de cesi\u00f3n de derechos<\/a> de la panader\u00eda en la cual realizan la proveedur\u00eda al Municipio.<\/strong> Cabe recordar que tras el fallecimiento de su padre, la sucesi\u00f3n (integrada por los hermanos Fr\u00edas, entre ellos el concejal) es quien administra los destinos del comercio.<strong> All\u00ed se indic\u00f3 una \u201cinhabilidad\u201d del edil para ocupar su banca.\u00a0<\/strong><\/p>\n<p>&nbsp;<\/p>\n<p><strong>La presentaci\u00f3n de documentaci\u00f3n se realiz\u00f3 en Labor Parlamentaria y se trata de una constancia de cesi\u00f3n de derecho en tr\u00e1mite de la que fueron notificados todos y cada uno de los bloques. El documento lleva la firma del escribano Mat\u00edas Castro.<\/strong><\/p>\n<p>&nbsp;<\/p>\n<blockquote><p>A su vez,<strong> se explic\u00f3 que la cesi\u00f3n de derechos ser\u00e1 retroactiva al 10 de diciembre, por lo que la acusaci\u00f3n quedar\u00eda \u201csubsanada\u201d.<\/strong>\u00a0De todas maneras, se espera una expresi\u00f3n del Frente de Todos en este sentido, muy probablemente al inicio de la sesi\u00f3n.<\/p><\/blockquote>\n<p>&nbsp;<\/p>\n<p>Otro punto a tener en cuenta es que <strong>no hubo, a\u00fan, una opini\u00f3n <a href=\"https:\/\/cdnoticias.com\/index.php\/2022\/06\/03\/el-frente-de-todos-confirmo-la-presentacion-de-documentacion-por-el-caso-frias\/\">ni del Tribunal de Cuentas ni de la Asesor\u00eda General de Gobierno<\/a> sobre el caso<\/strong>, y se estima que se realice en las pr\u00f3ximas semanas.<\/p>\n<p>&nbsp;<\/p>\n<p>Mientras tanto,<strong> la sesi\u00f3n tendr\u00e1 31 proyectos de ordenanza presentados por el Ejecutivo referidos a donaciones y tendr\u00e1n tratamiento en conjunto.<\/strong><\/p>\n<p>&nbsp;<\/p>\n<p>Adem\u00e1s, se debatir\u00e1 el expediente 319\/20, que regula la tenencia y cuidado de mascotas en el Partido de Olavarr\u00eda. En este punto, como se inform\u00f3, <em><strong>\u201chay que mencionar que el proyecto establece la gratuidad de todas las pr\u00e1cticas que se realicen en el Centro Veterinario Municipal pronto a inaugurarse\u201d<\/strong><\/em> inform\u00f3 el HCD.<\/p>\n<p>&nbsp;<\/p>\n<p>Tambi\u00e9n,<strong> el bloque Juntos buscar\u00e1 adherir a la disposici\u00f3n 480\/20 que establece un marco normativo para la circulaci\u00f3n en el Partido de Olavarr\u00eda de veh\u00edculos de Movilidad Personal, entre los que se encuentran los veh\u00edculos el\u00e9ctricos.<\/strong><\/p>\n<p>&nbsp;<\/p>\n<p>Finalmente,<strong> se discutir\u00e1n 19 expedientes que fueron ingresados en t\u00e9rmino reglamentario sobre tablas<\/strong>, y que se tratar\u00e1n desde las 09:00 horas en el recinto del HCD ubicado en la Sociedad Espa\u00f1ola. Tal como acontece en este tipo de actividades, habr\u00e1 transmisi\u00f3n por el canal del Concejo Deliberante en Youtube.<\/p>\n","protected":false},"excerpt":{"rendered":"<p>As\u00ed fue confirmado por fuentes deliberativas en di\u00e1logo con Central de Noticias. Se\u00f1alaron que fue entregada la documentaci\u00f3n pertinente para<\/p>\n","protected":false},"author":5,"featured_media":55609,"comment_status":"closed","ping_status":"closed","sticky":false,"template":"","format":"standard","meta":{"_jetpack_memberships_contains_paid_content":false,"footnotes":""},"categories":[4,1],"tags":[],"class_list":["post-56871","post","type-post","status-publish","format-standard","has-post-thumbnail","hentry","category-politica","category-portada"],"jetpack_featured_media_url":"https:\/\/i0.wp.com\/cdnoticias.com\/wp-content\/uploads\/2022\/05\/HCD-javier-frias1.jpg?fit=800%2C445&ssl=1","jetpack_sharing_enabled":true,"_links":{"self":[{"href":"https:\/\/cdnoticias.com\/index.php\/wp-json\/wp\/v2\/posts\/56871","targetHints":{"allow":["GET"]}}],"collection":[{"href":"https:\/\/cdnoticias.com\/index.php\/wp-json\/wp\/v2\/posts"}],"about":[{"href":"https:\/\/cdnoticias.com\/index.php\/wp-json\/wp\/v2\/types\/post"}],"author":[{"embeddable":true,"href":"https:\/\/cdnoticias.com\/index.php\/wp-json\/wp\/v2\/users\/5"}],"replies":[{"embeddable":true,"href":"https:\/\/cdnoticias.com\/index.php\/wp-json\/wp\/v2\/comments?post=56871"}],"version-history":[{"count":0,"href":"https:\/\/cdnoticias.com\/index.php\/wp-json\/wp\/v2\/posts\/56871\/revisions"}],"wp:featuredmedia":[{"embeddable":true,"href":"https:\/\/cdnoticias.com\/index.php\/wp-json\/wp\/v2\/media\/55609"}],"wp:attachment":[{"href":"https:\/\/cdnoticias.com\/index.php\/wp-json\/wp\/v2\/media?parent=56871"}],"wp:term":[{"taxonomy":"category","embeddable":true,"href":"https:\/\/cdnoticias.com\/index.php\/wp-json\/wp\/v2\/categories?post=56871"},{"taxonomy":"post_tag","embeddable":true,"href":"https:\/\/cdnoticias.com\/index.php\/wp-json\/wp\/v2\/tags?post=56871"}],"curies":[{"name":"wp","href":"https:\/\/api.w.org\/{rel}","templated":true}]}}