{"id":56837,"date":"2022-06-08T15:39:13","date_gmt":"2022-06-08T18:39:13","guid":{"rendered":"https:\/\/www.centraldenoticias.com.ar\/?p=56837"},"modified":"2022-06-08T17:02:20","modified_gmt":"2022-06-08T20:02:20","slug":"enriqueta-agueda-meyer-viuda-de-solsini-queta-q-e-p-d","status":"publish","type":"post","link":"https:\/\/cdnoticias.com\/index.php\/2022\/06\/08\/enriqueta-agueda-meyer-viuda-de-solsini-queta-q-e-p-d\/","title":{"rendered":"Enriqueta Agueda Meyer viuda de Soldini &#8221;Queta&#8221; (Q.E.P.D.)"},"content":{"rendered":"<p>Falleci\u00f3 en Olavarr\u00eda el 8 de junio de 2022 a los 84 a\u00f1os. Sus hermanas Ang\u00e9lica Meyer viuda de Alem y Lidia Meyer; sus sobrinos Alberto, Eduardo y Silvia Alem; Viviana y Vilma Rivarola; Gabriela, Daniel, Elba y dem\u00e1s deudos participan su fallecimiento.<\/p>\n<p>&nbsp;<\/p>\n<p>Sus restos ser\u00e1n velados en la sala de Espa\u00f1a 2942 departamento \u201cD\u201d este jueves desde las 09:00 horas e inhumados en el Cementerio Loma de Paz, previo responso en la Capilla Ardiente, a las 11:30. Servicio adherido a Coopelectric.<\/p>\n<p>&nbsp;<\/p>\n<p>Nacida en Olavarr\u00eda, vecina de Pueblo Nuevo, jubilada y pensionada.<\/p>\n","protected":false},"excerpt":{"rendered":"<p>Falleci\u00f3 en Olavarr\u00eda el 8 de junio de 2022 a los 84 a\u00f1os. Sus hermanas Ang\u00e9lica Meyer viuda de Alem<\/p>\n","protected":false},"author":2,"featured_media":51544,"comment_status":"closed","ping_status":"closed","sticky":false,"template":"","format":"standard","meta":{"_jetpack_memberships_contains_paid_content":false,"footnotes":""},"categories":[10],"tags":[],"class_list":["post-56837","post","type-post","status-publish","format-standard","has-post-thumbnail","hentry","category-necrologicas"],"jetpack_featured_media_url":"https:\/\/i0.wp.com\/cdnoticias.com\/wp-content\/uploads\/2022\/04\/necrologicas-390-x-240.jpg?fit=390%2C240&ssl=1","jetpack_sharing_enabled":true,"_links":{"self":[{"href":"https:\/\/cdnoticias.com\/index.php\/wp-json\/wp\/v2\/posts\/56837","targetHints":{"allow":["GET"]}}],"collection":[{"href":"https:\/\/cdnoticias.com\/index.php\/wp-json\/wp\/v2\/posts"}],"about":[{"href":"https:\/\/cdnoticias.com\/index.php\/wp-json\/wp\/v2\/types\/post"}],"author":[{"embeddable":true,"href":"https:\/\/cdnoticias.com\/index.php\/wp-json\/wp\/v2\/users\/2"}],"replies":[{"embeddable":true,"href":"https:\/\/cdnoticias.com\/index.php\/wp-json\/wp\/v2\/comments?post=56837"}],"version-history":[{"count":0,"href":"https:\/\/cdnoticias.com\/index.php\/wp-json\/wp\/v2\/posts\/56837\/revisions"}],"wp:featuredmedia":[{"embeddable":true,"href":"https:\/\/cdnoticias.com\/index.php\/wp-json\/wp\/v2\/media\/51544"}],"wp:attachment":[{"href":"https:\/\/cdnoticias.com\/index.php\/wp-json\/wp\/v2\/media?parent=56837"}],"wp:term":[{"taxonomy":"category","embeddable":true,"href":"https:\/\/cdnoticias.com\/index.php\/wp-json\/wp\/v2\/categories?post=56837"},{"taxonomy":"post_tag","embeddable":true,"href":"https:\/\/cdnoticias.com\/index.php\/wp-json\/wp\/v2\/tags?post=56837"}],"curies":[{"name":"wp","href":"https:\/\/api.w.org\/{rel}","templated":true}]}}