{"id":56830,"date":"2022-06-08T16:11:36","date_gmt":"2022-06-08T19:11:36","guid":{"rendered":"https:\/\/www.centraldenoticias.com.ar\/?p=56830"},"modified":"2022-06-08T16:11:46","modified_gmt":"2022-06-08T19:11:46","slug":"entrega-de-maquinaria-de-la-minga","status":"publish","type":"post","link":"https:\/\/cdnoticias.com\/index.php\/2022\/06\/08\/entrega-de-maquinaria-de-la-minga\/","title":{"rendered":"Entrega de maquinaria de La Minga"},"content":{"rendered":"<p>La presidenta, Patricia Bahl, estuvo en una carpinter\u00eda para entregar una m\u00e1quina pegadora de cantos.<!--more--><\/p>\n<hr \/>\n<p>En el marco del <a href=\"https:\/\/cdnoticias.com\/index.php\/2021\/03\/12\/la-minga-en-el-programa-escalar-emprendedores\/\" target=\"_blank\" rel=\"noopener\">Programa Nacional Banco de Herramientas, Maquinarias y Materiales<\/a> que lleva adelante <strong>La Minga, ya comenz\u00f3 con la instalaci\u00f3n y puesta en marcha de diversas m\u00e1quinas<\/strong> las cuales brindar\u00e1n un impulso significativo en los trabajadores y trabajadoras de la econom\u00eda social.<\/p>\n<p>&nbsp;<\/p>\n<p><img data-recalc-dims=\"1\" loading=\"lazy\" decoding=\"async\" class=\"aligncenter wp-image-56831\" src=\"https:\/\/i0.wp.com\/cdnoticias.com\/wp-content\/uploads\/2022\/06\/patrica-bahl-la-minga-01.jpg?resize=450%2C426&#038;ssl=1\" alt=\"\" width=\"450\" height=\"426\" srcset=\"https:\/\/i0.wp.com\/cdnoticias.com\/wp-content\/uploads\/2022\/06\/patrica-bahl-la-minga-01.jpg?w=800&amp;ssl=1 800w, https:\/\/i0.wp.com\/cdnoticias.com\/wp-content\/uploads\/2022\/06\/patrica-bahl-la-minga-01.jpg?resize=300%2C284&amp;ssl=1 300w, https:\/\/i0.wp.com\/cdnoticias.com\/wp-content\/uploads\/2022\/06\/patrica-bahl-la-minga-01.jpg?resize=768%2C727&amp;ssl=1 768w\" sizes=\"auto, (max-width: 450px) 100vw, 450px\" \/><\/p>\n<p>&nbsp;<\/p>\n<p>En esta oportunidad, <strong>se entreg\u00f3 una pegadora de cantos a Carpinter\u00eda Tito<\/strong>. Se explic\u00f3 que se trata de <em>una m\u00e1quina fundamental en cualquier taller o planta de procesamiento de tableros aglomerados<\/em> que se utiliza para cubrir los cantos de los tableros melam\u00ednicos y\/o de maderas naturales. Con ella se logra una excelente apariencia en el acabado final.<\/p>\n<p>&nbsp;<\/p>\n<p>La entrega de la maquinaria estuvo a cargo de <strong>Patricia Bahl, presidenta de La Minga<\/strong>.<\/p>\n","protected":false},"excerpt":{"rendered":"<p>La presidenta, Patricia Bahl, estuvo en una carpinter\u00eda para entregar una m\u00e1quina pegadora de cantos.<\/p>\n","protected":false},"author":4,"featured_media":56832,"comment_status":"closed","ping_status":"closed","sticky":false,"template":"","format":"standard","meta":{"_jetpack_memberships_contains_paid_content":false,"footnotes":""},"categories":[5,1],"tags":[],"class_list":["post-56830","post","type-post","status-publish","format-standard","has-post-thumbnail","hentry","category-informacion-general","category-portada"],"jetpack_featured_media_url":"https:\/\/i0.wp.com\/cdnoticias.com\/wp-content\/uploads\/2022\/06\/patrica-bahl-la-minga-00.jpg?fit=800%2C444&ssl=1","jetpack_sharing_enabled":true,"_links":{"self":[{"href":"https:\/\/cdnoticias.com\/index.php\/wp-json\/wp\/v2\/posts\/56830","targetHints":{"allow":["GET"]}}],"collection":[{"href":"https:\/\/cdnoticias.com\/index.php\/wp-json\/wp\/v2\/posts"}],"about":[{"href":"https:\/\/cdnoticias.com\/index.php\/wp-json\/wp\/v2\/types\/post"}],"author":[{"embeddable":true,"href":"https:\/\/cdnoticias.com\/index.php\/wp-json\/wp\/v2\/users\/4"}],"replies":[{"embeddable":true,"href":"https:\/\/cdnoticias.com\/index.php\/wp-json\/wp\/v2\/comments?post=56830"}],"version-history":[{"count":0,"href":"https:\/\/cdnoticias.com\/index.php\/wp-json\/wp\/v2\/posts\/56830\/revisions"}],"wp:featuredmedia":[{"embeddable":true,"href":"https:\/\/cdnoticias.com\/index.php\/wp-json\/wp\/v2\/media\/56832"}],"wp:attachment":[{"href":"https:\/\/cdnoticias.com\/index.php\/wp-json\/wp\/v2\/media?parent=56830"}],"wp:term":[{"taxonomy":"category","embeddable":true,"href":"https:\/\/cdnoticias.com\/index.php\/wp-json\/wp\/v2\/categories?post=56830"},{"taxonomy":"post_tag","embeddable":true,"href":"https:\/\/cdnoticias.com\/index.php\/wp-json\/wp\/v2\/tags?post=56830"}],"curies":[{"name":"wp","href":"https:\/\/api.w.org\/{rel}","templated":true}]}}