{"id":5677,"date":"2020-11-04T20:42:08","date_gmt":"2020-11-04T23:42:08","guid":{"rendered":"http:\/\/www.centraldenoticias.com.ar\/?p=5677"},"modified":"2020-11-05T08:27:55","modified_gmt":"2020-11-05T11:27:55","slug":"busqueda-de-jonatan-concluye-otro-dia-sin-nuevos-datos","status":"publish","type":"post","link":"https:\/\/cdnoticias.com\/index.php\/2020\/11\/04\/busqueda-de-jonatan-concluye-otro-dia-sin-nuevos-datos\/","title":{"rendered":"B\u00fasqueda de Jonatan: Concluye otro d\u00eda sin nuevos datos"},"content":{"rendered":"<p>Se rastrill\u00f3 por cielo y tierra zona de canteras, arroyos y campo. Detalles y recorrida fotogr\u00e1fica de las tareas.<\/p>\n<p><!--more--><\/p>\n<hr \/>\n<p><strong>Ya son tres los d\u00edas que pasaron desde que <a href=\"https:\/\/cdnoticias.com\/index.php\/2020\/11\/02\/buscan-desesperadamente-a-un-joven-de-20-anos-en-olavarria\/\" target=\"_blank\" rel=\"noopener\">Jonatan Torres<\/a> fue visto por \u00faltima vez<\/strong>. Fue alrededor de las 17 del domingo, en una helader\u00eda ubicada en avenida Col\u00f3n y Leal, donde trabajaba. Desde all\u00ed todo es materia de especulaciones y conjeturas, s\u00f3lo el rastro que <strong>primero canes y luego c\u00e1maras de seguridad reconstruyeron a eso de las 18 con direcci\u00f3n hacia Loma Negra. Luego todo es incertidumbre.<\/strong><\/p>\n<p>&nbsp;<\/p>\n<p><img data-recalc-dims=\"1\" loading=\"lazy\" decoding=\"async\" class=\"alignnone size-full wp-image-5411\" src=\"https:\/\/i0.wp.com\/cdnoticias.com\/wp-content\/uploads\/2020\/11\/WhatsApp-Image-2020-11-02-at-08.46.31-1.jpeg?resize=644%2C387&#038;ssl=1\" alt=\"\" width=\"644\" height=\"387\" srcset=\"https:\/\/i0.wp.com\/cdnoticias.com\/wp-content\/uploads\/2020\/11\/WhatsApp-Image-2020-11-02-at-08.46.31-1.jpeg?w=644&amp;ssl=1 644w, https:\/\/i0.wp.com\/cdnoticias.com\/wp-content\/uploads\/2020\/11\/WhatsApp-Image-2020-11-02-at-08.46.31-1.jpeg?resize=300%2C180&amp;ssl=1 300w\" sizes=\"auto, (max-width: 644px) 100vw, 644px\" \/><\/p>\n<p>&nbsp;<\/p>\n<p>Una carta a la pareja y las recorridas que regularmente hac\u00eda con su bicicleta son los otros elementos con los que los investigadores buscan establecer qu\u00e9 camino sigui\u00f3 aquella tarde. Es por ello que <a href=\"https:\/\/cdnoticias.com\/index.php\/2020\/11\/02\/busqueda-de-jonatan-pedido-urgente-de-colaboracion-a-la-comunidad\/\" target=\"_blank\" rel=\"noopener\">se mantiene el pedido a personas que trabajen o vivan por aquella zona del partido de Olavarr\u00eda<\/a>, para ver <strong>si en c\u00e1maras de seguridad particular se pueda completar aquello que fue captado dentro del casco urbano local y frente al barrio privado ubicado sobre la prolongaci\u00f3n de avenida Avellaneda.<\/strong><\/p>\n<p>&nbsp;<\/p>\n<figure id=\"attachment_5645\" aria-describedby=\"caption-attachment-5645\" style=\"width: 800px\" class=\"wp-caption alignnone\"><img data-recalc-dims=\"1\" loading=\"lazy\" decoding=\"async\" class=\"size-large wp-image-5645\" src=\"https:\/\/i0.wp.com\/cdnoticias.com\/wp-content\/uploads\/2020\/11\/WhatsApp-Image-2020-11-04-at-15.17.09.jpeg?resize=800%2C450&#038;ssl=1\" alt=\"\" width=\"800\" height=\"450\" srcset=\"https:\/\/i0.wp.com\/cdnoticias.com\/wp-content\/uploads\/2020\/11\/WhatsApp-Image-2020-11-04-at-15.17.09.jpeg?resize=1024%2C576&amp;ssl=1 1024w, https:\/\/i0.wp.com\/cdnoticias.com\/wp-content\/uploads\/2020\/11\/WhatsApp-Image-2020-11-04-at-15.17.09.jpeg?resize=300%2C169&amp;ssl=1 300w, https:\/\/i0.wp.com\/cdnoticias.com\/wp-content\/uploads\/2020\/11\/WhatsApp-Image-2020-11-04-at-15.17.09.jpeg?resize=768%2C432&amp;ssl=1 768w, https:\/\/i0.wp.com\/cdnoticias.com\/wp-content\/uploads\/2020\/11\/WhatsApp-Image-2020-11-04-at-15.17.09.jpeg?w=1280&amp;ssl=1 1280w\" sizes=\"auto, (max-width: 800px) 100vw, 800px\" \/><figcaption id=\"caption-attachment-5645\" class=\"wp-caption-text\">Gentileza Defensa Civil Olavarr\u00eda<\/figcaption><\/figure>\n<p>&nbsp;<\/p>\n<p><a href=\"https:\/\/cdnoticias.com\/index.php\/2020\/11\/04\/reanudan-la-busqueda-de-jonatan-en-canteras-de-las-localidades\/\" target=\"_blank\" rel=\"noopener\">Este mi\u00e9rcoles todo tuvo como epicentro el predio de las f\u00e1bricas L\u00b4amal\u00ed y L\u00b4amali II, tanto en el interior de las firmas, donde se avanz\u00f3 en horas de la ma\u00f1ana<\/a>, como en propiedades aleda\u00f1as y canteras, que fueron objetos de las tareas de b\u00fasqueda realizadas durante la tarde.<\/p>\n<figure id=\"attachment_5649\" aria-describedby=\"caption-attachment-5649\" style=\"width: 800px\" class=\"wp-caption alignnone\"><img data-recalc-dims=\"1\" loading=\"lazy\" decoding=\"async\" class=\"size-large wp-image-5649\" src=\"https:\/\/i0.wp.com\/cdnoticias.com\/wp-content\/uploads\/2020\/11\/WhatsApp-Image-2020-11-04-at-15.18.53.jpeg?resize=800%2C450&#038;ssl=1\" alt=\"\" width=\"800\" height=\"450\" srcset=\"https:\/\/i0.wp.com\/cdnoticias.com\/wp-content\/uploads\/2020\/11\/WhatsApp-Image-2020-11-04-at-15.18.53.jpeg?resize=1024%2C576&amp;ssl=1 1024w, https:\/\/i0.wp.com\/cdnoticias.com\/wp-content\/uploads\/2020\/11\/WhatsApp-Image-2020-11-04-at-15.18.53.jpeg?resize=300%2C169&amp;ssl=1 300w, https:\/\/i0.wp.com\/cdnoticias.com\/wp-content\/uploads\/2020\/11\/WhatsApp-Image-2020-11-04-at-15.18.53.jpeg?resize=768%2C432&amp;ssl=1 768w, https:\/\/i0.wp.com\/cdnoticias.com\/wp-content\/uploads\/2020\/11\/WhatsApp-Image-2020-11-04-at-15.18.53.jpeg?w=1280&amp;ssl=1 1280w\" sizes=\"auto, (max-width: 800px) 100vw, 800px\" \/><figcaption id=\"caption-attachment-5649\" class=\"wp-caption-text\">Gentileza Defensa Civil Olavarr\u00eda<\/figcaption><\/figure>\n<p>&nbsp;<\/p>\n<p><strong>La cantera de granito y la cantera San Andr\u00e9s, ambas de Loma Negra, tambi\u00e9n fueron inspeccionadas en la ma\u00f1ana, en tareas que contaron con el aporte del drone de Defensa Civil<\/strong>, como complemento a las tareas de campo realizadas por agentes de distintas seccionales locales.<\/p>\n<p>&nbsp;<\/p>\n<p><img data-recalc-dims=\"1\" loading=\"lazy\" decoding=\"async\" class=\"alignnone size-large wp-image-5675\" src=\"https:\/\/i0.wp.com\/cdnoticias.com\/wp-content\/uploads\/2020\/11\/busquedamiercoles16.jpg?resize=800%2C600&#038;ssl=1\" alt=\"\" width=\"800\" height=\"600\" srcset=\"https:\/\/i0.wp.com\/cdnoticias.com\/wp-content\/uploads\/2020\/11\/busquedamiercoles16.jpg?resize=1024%2C768&amp;ssl=1 1024w, https:\/\/i0.wp.com\/cdnoticias.com\/wp-content\/uploads\/2020\/11\/busquedamiercoles16.jpg?resize=300%2C225&amp;ssl=1 300w, https:\/\/i0.wp.com\/cdnoticias.com\/wp-content\/uploads\/2020\/11\/busquedamiercoles16.jpg?resize=768%2C576&amp;ssl=1 768w, https:\/\/i0.wp.com\/cdnoticias.com\/wp-content\/uploads\/2020\/11\/busquedamiercoles16.jpg?w=1280&amp;ssl=1 1280w\" sizes=\"auto, (max-width: 800px) 100vw, 800px\" \/><\/p>\n<p>&nbsp;<\/p>\n<p>En horas de la tarde, minutos despu\u00e9s de las 16, se retorn\u00f3 a ese punto del partido de Olavarr\u00eda para retomar la b\u00fasqueda, en tareas en las que <em><strong>Central de Noticias<\/strong><\/em> fue el \u00fanico medio presente. <strong>Todo se vio encabezado por el comisario Roberto Landoni, titular de la Estaci\u00f3n de Polic\u00eda Departamental de Olavarr\u00eda, a quien se lo pudo ver acompa\u00f1ado por el segundo jefe, Mart\u00edn Zapata, y los titulares de la comisar\u00eda Primera y la subcomisar\u00eda de Loma Negra, Nicol\u00e1s Kette y Mario Wagner respectivamente.<\/strong><\/p>\n<p>&nbsp;<\/p>\n<p><img data-recalc-dims=\"1\" loading=\"lazy\" decoding=\"async\" class=\"alignnone size-large wp-image-5665\" src=\"https:\/\/i0.wp.com\/cdnoticias.com\/wp-content\/uploads\/2020\/11\/busquedamiercoles6.jpg?resize=800%2C600&#038;ssl=1\" alt=\"\" width=\"800\" height=\"600\" srcset=\"https:\/\/i0.wp.com\/cdnoticias.com\/wp-content\/uploads\/2020\/11\/busquedamiercoles6.jpg?resize=1024%2C768&amp;ssl=1 1024w, https:\/\/i0.wp.com\/cdnoticias.com\/wp-content\/uploads\/2020\/11\/busquedamiercoles6.jpg?resize=300%2C225&amp;ssl=1 300w, https:\/\/i0.wp.com\/cdnoticias.com\/wp-content\/uploads\/2020\/11\/busquedamiercoles6.jpg?resize=768%2C576&amp;ssl=1 768w, https:\/\/i0.wp.com\/cdnoticias.com\/wp-content\/uploads\/2020\/11\/busquedamiercoles6.jpg?w=1280&amp;ssl=1 1280w\" sizes=\"auto, (max-width: 800px) 100vw, 800px\" \/><\/p>\n<p>&nbsp;<\/p>\n<p><strong>Se armaron dos grupos que tuvieron como objetivo, adem\u00e1s de recorridas y tareas de campo, avanzar sobre espejos de agua, m\u00e1s precisamente distintos tramos del arroyo Tapalqu\u00e9<\/strong>. Culminadas las recorridas se unieron los equipos, entre los que debe incluirse a familiares de Jonatan, que de manera activa acompa\u00f1aron cada recorrida, y se avanz\u00f3 sobre nuevos objetivos,<strong> teniendo siempre como referencia los caminos que suelen hacer los ciclistas.<\/strong><\/p>\n<p>&nbsp;<\/p>\n<p><img data-recalc-dims=\"1\" loading=\"lazy\" decoding=\"async\" class=\"alignnone size-large wp-image-5672\" src=\"https:\/\/i0.wp.com\/cdnoticias.com\/wp-content\/uploads\/2020\/11\/busquedamiercoles13.jpg?resize=800%2C600&#038;ssl=1\" alt=\"\" width=\"800\" height=\"600\" srcset=\"https:\/\/i0.wp.com\/cdnoticias.com\/wp-content\/uploads\/2020\/11\/busquedamiercoles13.jpg?resize=1024%2C768&amp;ssl=1 1024w, https:\/\/i0.wp.com\/cdnoticias.com\/wp-content\/uploads\/2020\/11\/busquedamiercoles13.jpg?resize=300%2C225&amp;ssl=1 300w, https:\/\/i0.wp.com\/cdnoticias.com\/wp-content\/uploads\/2020\/11\/busquedamiercoles13.jpg?resize=768%2C576&amp;ssl=1 768w, https:\/\/i0.wp.com\/cdnoticias.com\/wp-content\/uploads\/2020\/11\/busquedamiercoles13.jpg?w=1280&amp;ssl=1 1280w\" sizes=\"auto, (max-width: 800px) 100vw, 800px\" \/><\/p>\n<p>&nbsp;<\/p>\n<p>Es por ello que se avanz\u00f3 sobre nuevas canteras, en este caso el yacimiento &#8220;Alicia&#8221; de Cementos Avellaneda, y un viejo casco de estancia conocido como \u201cEl Castillo\u201d en el interior de un establecimiento rural privado. <strong>Las tareas se prolongaron hasta que la luz solar lo permiti\u00f3, lamentablemente con saldo negativo.<\/strong><\/p>\n<p>&nbsp;<\/p>\n<p><img data-recalc-dims=\"1\" loading=\"lazy\" decoding=\"async\" class=\"alignnone size-large wp-image-5668\" src=\"https:\/\/i0.wp.com\/cdnoticias.com\/wp-content\/uploads\/2020\/11\/busquedamiercoles9.jpg?resize=800%2C600&#038;ssl=1\" alt=\"\" width=\"800\" height=\"600\" srcset=\"https:\/\/i0.wp.com\/cdnoticias.com\/wp-content\/uploads\/2020\/11\/busquedamiercoles9.jpg?resize=1024%2C768&amp;ssl=1 1024w, https:\/\/i0.wp.com\/cdnoticias.com\/wp-content\/uploads\/2020\/11\/busquedamiercoles9.jpg?resize=300%2C225&amp;ssl=1 300w, https:\/\/i0.wp.com\/cdnoticias.com\/wp-content\/uploads\/2020\/11\/busquedamiercoles9.jpg?resize=768%2C576&amp;ssl=1 768w, https:\/\/i0.wp.com\/cdnoticias.com\/wp-content\/uploads\/2020\/11\/busquedamiercoles9.jpg?w=1280&amp;ssl=1 1280w\" sizes=\"auto, (max-width: 800px) 100vw, 800px\" \/><\/p>\n<p>&nbsp;<\/p>\n<p><strong>Vale destacar que de manera paralela a las tareas de campo, desde la Sub DDI local se realizan diversas averiguaciones<\/strong> a partir del an\u00e1lisis de tel\u00e9fonos celulares, testimonios y otra serie de elementos que se han ido recabando en las \u00faltimas horas, t<strong>odo bajo la direcci\u00f3n de la fiscal en turno, la doctora Mar\u00eda Paula Serrano de la fiscal\u00eda N\u00b0 4.<\/strong><\/p>\n<p>&nbsp;<\/p>\n<p><img data-recalc-dims=\"1\" loading=\"lazy\" decoding=\"async\" class=\"alignnone size-large wp-image-5650\" src=\"https:\/\/i0.wp.com\/cdnoticias.com\/wp-content\/uploads\/2020\/11\/busquedamiercoles1.jpg?resize=800%2C479&#038;ssl=1\" alt=\"\" width=\"800\" height=\"479\" srcset=\"https:\/\/i0.wp.com\/cdnoticias.com\/wp-content\/uploads\/2020\/11\/busquedamiercoles1.jpg?resize=1024%2C613&amp;ssl=1 1024w, https:\/\/i0.wp.com\/cdnoticias.com\/wp-content\/uploads\/2020\/11\/busquedamiercoles1.jpg?resize=300%2C180&amp;ssl=1 300w, https:\/\/i0.wp.com\/cdnoticias.com\/wp-content\/uploads\/2020\/11\/busquedamiercoles1.jpg?resize=768%2C460&amp;ssl=1 768w, https:\/\/i0.wp.com\/cdnoticias.com\/wp-content\/uploads\/2020\/11\/busquedamiercoles1.jpg?w=1280&amp;ssl=1 1280w\" sizes=\"auto, (max-width: 800px) 100vw, 800px\" \/><\/p>\n<p>&nbsp;<\/p>\n<p>Restar\u00e1 conocer sobre qu\u00e9 nuevos sitios se avanzar\u00e1 en las pr\u00f3ximas horas, algo que se resolver\u00e1 a partir de la r<strong>euni\u00f3n de Comit\u00e9 de Crisis que el comisario Roberto Landoni convoc\u00f3 para la ma\u00f1ana de este jueves<\/strong>. Seg\u00fan pudo saber este portal, se cit\u00f3 a personal de la fiscal\u00eda, SubDDI, titulares de las dependencias policiales locales y polic\u00eda Cient\u00edfica para determinar los pasos a seguir, distribuir tareas y unificar criterios, de acuerdo con lo que se confi\u00f3.<\/p>\n","protected":false},"excerpt":{"rendered":"<p>Se rastrill\u00f3 por cielo y tierra zona de canteras, arroyos y campo. Detalles y recorrida fotogr\u00e1fica de las tareas.<\/p>\n","protected":false},"author":3,"featured_media":5671,"comment_status":"closed","ping_status":"closed","sticky":false,"template":"","format":"standard","meta":{"_jetpack_memberships_contains_paid_content":false,"footnotes":""},"categories":[5,1],"tags":[],"class_list":["post-5677","post","type-post","status-publish","format-standard","has-post-thumbnail","hentry","category-informacion-general","category-portada"],"jetpack_featured_media_url":"https:\/\/i0.wp.com\/cdnoticias.com\/wp-content\/uploads\/2020\/11\/busquedamiercoles12.jpg?fit=1280%2C960&ssl=1","jetpack_sharing_enabled":true,"_links":{"self":[{"href":"https:\/\/cdnoticias.com\/index.php\/wp-json\/wp\/v2\/posts\/5677","targetHints":{"allow":["GET"]}}],"collection":[{"href":"https:\/\/cdnoticias.com\/index.php\/wp-json\/wp\/v2\/posts"}],"about":[{"href":"https:\/\/cdnoticias.com\/index.php\/wp-json\/wp\/v2\/types\/post"}],"author":[{"embeddable":true,"href":"https:\/\/cdnoticias.com\/index.php\/wp-json\/wp\/v2\/users\/3"}],"replies":[{"embeddable":true,"href":"https:\/\/cdnoticias.com\/index.php\/wp-json\/wp\/v2\/comments?post=5677"}],"version-history":[{"count":0,"href":"https:\/\/cdnoticias.com\/index.php\/wp-json\/wp\/v2\/posts\/5677\/revisions"}],"wp:featuredmedia":[{"embeddable":true,"href":"https:\/\/cdnoticias.com\/index.php\/wp-json\/wp\/v2\/media\/5671"}],"wp:attachment":[{"href":"https:\/\/cdnoticias.com\/index.php\/wp-json\/wp\/v2\/media?parent=5677"}],"wp:term":[{"taxonomy":"category","embeddable":true,"href":"https:\/\/cdnoticias.com\/index.php\/wp-json\/wp\/v2\/categories?post=5677"},{"taxonomy":"post_tag","embeddable":true,"href":"https:\/\/cdnoticias.com\/index.php\/wp-json\/wp\/v2\/tags?post=5677"}],"curies":[{"name":"wp","href":"https:\/\/api.w.org\/{rel}","templated":true}]}}