{"id":56765,"date":"2022-06-07T18:28:52","date_gmt":"2022-06-07T21:28:52","guid":{"rendered":"https:\/\/www.centraldenoticias.com.ar\/?p=56765"},"modified":"2022-06-08T07:50:47","modified_gmt":"2022-06-08T10:50:47","slug":"bali-bucca-buscara-acelerar-la-aplicacion-de-zona-fria-en-garrafas","status":"publish","type":"post","link":"https:\/\/cdnoticias.com\/index.php\/2022\/06\/07\/bali-bucca-buscara-acelerar-la-aplicacion-de-zona-fria-en-garrafas\/","title":{"rendered":"Bali Bucca buscar\u00e1 \u201cacelerar\u201d la aplicaci\u00f3n de zona fr\u00eda para usuarios de en garrafas"},"content":{"rendered":"<p>Confirm\u00f3 gestiones ante la subsecretar\u00eda de Energ\u00eda provincial para aplicar de forma \u201curgente\u201d el beneficio decretado por el gobernador Kicillof. <!--more--><\/p>\n<hr \/>\n<p>Tras la confirmaci\u00f3n de la <strong>ampliaci\u00f3n de los alcances de la zona fr\u00eda en el gas envasado (o garrafas) el senador provincial Eduardo \u201cBali\u201d Bucca confirm\u00f3 gestiones para aplicar de forma \u201curgente\u201d este beneficio que otorga descuentos de entre el 30% y el 50%.<\/strong><\/p>\n<p>&nbsp;<\/p>\n<p>Cabe recordar que la ampliaci\u00f3n de la Ley de Zona Fr\u00eda implic\u00f3 que millones de habitantes de distintas provincias reciben un descuento de entre el 30 y 50% de su consumo de gas natural, el Senador Eduardo \u201cBali\u201d Bucca realiza gestiones <em>\u201ccon el fin de concretar la ampliaci\u00f3n de dicho logro\u201d.<\/em><\/p>\n<p>&nbsp;<\/p>\n<blockquote><p>Justamente, a estos beneficios le sigui\u00f3 un decreto del gobernador Kicillof que se extiendan \u201ca todos los hogares residenciales que utilizan gas envasado (garrafas)\u201d.<\/p><\/blockquote>\n<p>&nbsp;<\/p>\n<p>En este contexto, el legislador Bucca apoya la decisi\u00f3n y realiz\u00f3 gestiones ante la Subsecretar\u00eda de Energ\u00eda de la Provincia de Buenos Aires <strong><em>\u201cpara una urgente implementaci\u00f3n del Registro de Usuarios Residenciales de Gas Licuado de Petr\u00f3leo de la Provincia\u201d.<\/em><\/strong><\/p>\n<p>&nbsp;<\/p>\n<blockquote><p><em>\u201cAvanzar en este sentido es un claro acto de justicia social, ya que se estar\u00edan incorporando a la reducci\u00f3n de la tarifa a cientos de familias que viven en las zonas fr\u00edas y no cuentan con red de gas natural\u201d<\/em>, ratific\u00f3 el senador Bucca.<\/p><\/blockquote>\n<p>&nbsp;<\/p>\n<p>Cabe recordar que d\u00edas atr\u00e1s el intendente Galli, <a href=\"https:\/\/cdnoticias.com\/index.php\/2022\/06\/05\/el-municipio-salio-a-pedir-por-la-ley-de-zona-fria-para-usuarios-de-garrafa\/\" target=\"_blank\" rel=\"noopener\">v\u00eda la directora de Defensa al Consumidor, Andrea Imbrogno<\/a>, pidieron \u201cavanzar con la reglamentaci\u00f3n de la ley de zona fr\u00eda en el partido de Olavarr\u00eda\u201d. Fue <a href=\"https:\/\/cdnoticias.com\/index.php\/2022\/06\/05\/zona-fria-vivir-dignamente-y-poder-calefaccionarnos-en-epoca-invernal-es-un-derecho-no-un-lujo\/\" target=\"_blank\" rel=\"noopener\">Liliana Schwindt quien sali\u00f3 al cruce de este pedido<\/a> y dijo que \u201cparece que no basta para algunos que no hicieron absolutamente nada para que accedamos a este beneficio justo, y hoy cuestionan que lo tengamos o lo ponen en duda\u201d.<\/p>\n","protected":false},"excerpt":{"rendered":"<p>Confirm\u00f3 gestiones ante la subsecretar\u00eda de Energ\u00eda provincial para aplicar de forma \u201curgente\u201d el beneficio decretado por el gobernador Kicillof.<\/p>\n","protected":false},"author":2,"featured_media":29178,"comment_status":"closed","ping_status":"closed","sticky":false,"template":"","format":"standard","meta":{"_jetpack_memberships_contains_paid_content":false,"footnotes":""},"categories":[4,1],"tags":[],"class_list":["post-56765","post","type-post","status-publish","format-standard","has-post-thumbnail","hentry","category-politica","category-portada"],"jetpack_featured_media_url":"https:\/\/i0.wp.com\/cdnoticias.com\/wp-content\/uploads\/2021\/08\/DSC_2394.jpg?fit=4608%2C3072&ssl=1","jetpack_sharing_enabled":true,"_links":{"self":[{"href":"https:\/\/cdnoticias.com\/index.php\/wp-json\/wp\/v2\/posts\/56765","targetHints":{"allow":["GET"]}}],"collection":[{"href":"https:\/\/cdnoticias.com\/index.php\/wp-json\/wp\/v2\/posts"}],"about":[{"href":"https:\/\/cdnoticias.com\/index.php\/wp-json\/wp\/v2\/types\/post"}],"author":[{"embeddable":true,"href":"https:\/\/cdnoticias.com\/index.php\/wp-json\/wp\/v2\/users\/2"}],"replies":[{"embeddable":true,"href":"https:\/\/cdnoticias.com\/index.php\/wp-json\/wp\/v2\/comments?post=56765"}],"version-history":[{"count":0,"href":"https:\/\/cdnoticias.com\/index.php\/wp-json\/wp\/v2\/posts\/56765\/revisions"}],"wp:featuredmedia":[{"embeddable":true,"href":"https:\/\/cdnoticias.com\/index.php\/wp-json\/wp\/v2\/media\/29178"}],"wp:attachment":[{"href":"https:\/\/cdnoticias.com\/index.php\/wp-json\/wp\/v2\/media?parent=56765"}],"wp:term":[{"taxonomy":"category","embeddable":true,"href":"https:\/\/cdnoticias.com\/index.php\/wp-json\/wp\/v2\/categories?post=56765"},{"taxonomy":"post_tag","embeddable":true,"href":"https:\/\/cdnoticias.com\/index.php\/wp-json\/wp\/v2\/tags?post=56765"}],"curies":[{"name":"wp","href":"https:\/\/api.w.org\/{rel}","templated":true}]}}