{"id":56730,"date":"2022-06-08T13:24:13","date_gmt":"2022-06-08T16:24:13","guid":{"rendered":"https:\/\/www.centraldenoticias.com.ar\/?p=56730"},"modified":"2022-06-08T13:24:13","modified_gmt":"2022-06-08T16:24:13","slug":"comenzaron-a-debatir-en-diputados-el-reajuste-de-los-subsidios-a-los-colectivos","status":"publish","type":"post","link":"https:\/\/cdnoticias.com\/index.php\/2022\/06\/08\/comenzaron-a-debatir-en-diputados-el-reajuste-de-los-subsidios-a-los-colectivos\/","title":{"rendered":"Comenzaron a debatir en Diputados el reajuste de los subsidios a los colectivos"},"content":{"rendered":"<p>Se discutieron en la Comisi\u00f3n de Transporte iniciativas impulsadas por gobernadores y legisladores del interior del pa\u00eds. La pol\u00e9mica se centra en la diferencia del precio de los boletos entre el AMBA y el resto del pa\u00eds.<!--more--><\/p>\n<hr \/>\n<p>Los <strong>subsidios al transporte p\u00fablico<\/strong> generan pol\u00e9mica tanto en el oficialismo como en la oposici\u00f3n. Para intentar ajustarlos, <strong>la Comisi\u00f3n de Transportes de la C\u00e1mara de Diputados se reuni\u00f3 este martes<\/strong> y debati\u00f3 un conjunto de proyectos para <strong>recalcular la distribuci\u00f3n de los subsidios a los colectivos a nivel nacional<\/strong>.<\/p>\n<p>&nbsp;<\/p>\n<p>Se trata de <strong>iniciativas impulsadas por gobernadores y legisladores del interior<\/strong> que comenzaron a ser analizadas en el cuerpo asesor presidido por el <strong>radical juje\u00f1o Jorge Rizzotti<\/strong>.<\/p>\n<p>&nbsp;<\/p>\n<p><strong>Rizzotti es autor de una de las iniciativas legislativas<\/strong> sobre el reparto de subsidios nacionales a las provincias, aunque tambi\u00e9n hay proyectos presentados por la <strong>radical mendocina Jimena Latorre; por Carlos Guti\u00e9rrez (C\u00f3rdoba Federal) y Agust\u00edn Domingo (Juntos Somos R\u00edo Negro)<\/strong>, entre otros.<\/p>\n<p>&nbsp;<\/p>\n<p><strong>Extensi\u00f3n<\/strong><\/p>\n<p>&nbsp;<\/p>\n<p>Por el tema, pol\u00e9mico como pocos, <strong>en diciembre pasado se hab\u00eda acordado incluir en el Presupuesto 2022 una extensi\u00f3n de la partida de subsidios a las provincias,<\/strong>\u00a0que finalmente no pudo aprobarse.<\/p>\n<p>&nbsp;<\/p>\n<blockquote><p>Meses atr\u00e1s, el gobernador de Jujuy, Gerardo Morales, y el jefe de Gobierno porte\u00f1o, Horacio Rodr\u00edguez Larreta, hab\u00edan discutido por la cuesti\u00f3n.\u00a0\u201cEl AMBA, no s\u00f3lo Horacio, Axel en la parte del AMBA, reciben los subsidios que no recibimos en el interior. Pagan el boleto $ 18 y los juje\u00f1itos pagamos $50. \u00bfPor qu\u00e9 esa injusticia?\u201d, sostuvo entonces Morales, en referencia a la brecha en los precios de los pasajes de colectivos.<\/p><\/blockquote>\n<p>&nbsp;<\/p>\n<p><strong>Asimetr\u00edas<\/strong><\/p>\n<p>&nbsp;<\/p>\n<p>La semana pasada, en su informe ante el Senado, el <strong>jefe de Gabinete, Juan Manzur<\/strong>, dijo estar \u201cde acuerdo\u201d con esos reclamos. <strong>\u201cNosotros aumentamos el presupuesto para el transporte en el interior m\u00e1s de 600%<\/strong>. Tenemos situaciones dif\u00edciles y nos hacemos cargo, a\u00fan con externalidades no previstas, Argentina sigue creciendo. Las asimetr\u00edas que existen no las vamos a resolver de un d\u00eda para el otro\u201d, a\u00f1adi\u00f3 en esa oportunidad.<\/p>\n<p>&nbsp;<\/p>\n<p>En el temario de la comisi\u00f3n estuvo adem\u00e1s la <strong>creaci\u00f3n de la Comisi\u00f3n de Jurisdicciones Beneficiarias del Fondo de Compensaci\u00f3n al Transporte P\u00fablico de Pasajeros<\/strong> por Automotor Urbano del Interior del Pa\u00eds, en el \u00e1mbito del Ministerio de Transporte de la Naci\u00f3n.<\/p>\n<p>&nbsp;<\/p>\n<p>Asimismo, figur\u00f3 la creaci\u00f3n del <strong>\u201cPrograma Federal de Distribuci\u00f3n Equitativa de Subsidios al Transporte P\u00fablico de Pasajeros\u201d<\/strong> para l\u00edneas urbanas y suburbanas, as\u00ed como la declaraci\u00f3n de la emergencia del transporte p\u00fablico de pasajeros por automotor, urbanos y suburbanos del interior del pa\u00eds, entre otros.<\/p>\n<p>&nbsp;<\/p>\n<p>Fuente:<em> Agencia DIB<\/em><\/p>\n","protected":false},"excerpt":{"rendered":"<p>Se discutieron en la Comisi\u00f3n de Transporte iniciativas impulsadas por gobernadores y legisladores del interior del pa\u00eds. La pol\u00e9mica se<\/p>\n","protected":false},"author":4,"featured_media":53273,"comment_status":"closed","ping_status":"closed","sticky":false,"template":"","format":"standard","meta":{"_jetpack_memberships_contains_paid_content":false,"footnotes":""},"categories":[6],"tags":[],"class_list":["post-56730","post","type-post","status-publish","format-standard","has-post-thumbnail","hentry","category-nacionales"],"jetpack_featured_media_url":"https:\/\/i0.wp.com\/cdnoticias.com\/wp-content\/uploads\/2022\/04\/colectivo-interurbano.jpg?fit=1152%2C692&ssl=1","jetpack_sharing_enabled":true,"_links":{"self":[{"href":"https:\/\/cdnoticias.com\/index.php\/wp-json\/wp\/v2\/posts\/56730","targetHints":{"allow":["GET"]}}],"collection":[{"href":"https:\/\/cdnoticias.com\/index.php\/wp-json\/wp\/v2\/posts"}],"about":[{"href":"https:\/\/cdnoticias.com\/index.php\/wp-json\/wp\/v2\/types\/post"}],"author":[{"embeddable":true,"href":"https:\/\/cdnoticias.com\/index.php\/wp-json\/wp\/v2\/users\/4"}],"replies":[{"embeddable":true,"href":"https:\/\/cdnoticias.com\/index.php\/wp-json\/wp\/v2\/comments?post=56730"}],"version-history":[{"count":0,"href":"https:\/\/cdnoticias.com\/index.php\/wp-json\/wp\/v2\/posts\/56730\/revisions"}],"wp:featuredmedia":[{"embeddable":true,"href":"https:\/\/cdnoticias.com\/index.php\/wp-json\/wp\/v2\/media\/53273"}],"wp:attachment":[{"href":"https:\/\/cdnoticias.com\/index.php\/wp-json\/wp\/v2\/media?parent=56730"}],"wp:term":[{"taxonomy":"category","embeddable":true,"href":"https:\/\/cdnoticias.com\/index.php\/wp-json\/wp\/v2\/categories?post=56730"},{"taxonomy":"post_tag","embeddable":true,"href":"https:\/\/cdnoticias.com\/index.php\/wp-json\/wp\/v2\/tags?post=56730"}],"curies":[{"name":"wp","href":"https:\/\/api.w.org\/{rel}","templated":true}]}}