{"id":56725,"date":"2022-06-07T09:56:28","date_gmt":"2022-06-07T12:56:28","guid":{"rendered":"https:\/\/www.centraldenoticias.com.ar\/?p=56725"},"modified":"2022-06-07T09:56:28","modified_gmt":"2022-06-07T12:56:28","slug":"detienen-a-un-hombre-que-era-buscado-por-delitos-cometidos-en-benito-juarez","status":"publish","type":"post","link":"https:\/\/cdnoticias.com\/index.php\/2022\/06\/07\/detienen-a-un-hombre-que-era-buscado-por-delitos-cometidos-en-benito-juarez\/","title":{"rendered":"Detienen a un hombre que era buscado por delitos cometidos en Benito Ju\u00e1rez"},"content":{"rendered":"<p>Tiene 25 a\u00f1os y la orden de detenci\u00f3n fue emitida por el Juzgado Correccional N\u00ba 1 de Azul.<!--more--><\/p>\n<hr \/>\n<p>Un hombre de 25 a\u00f1os sobre el que reca\u00eda una \u201corden de detenci\u00f3n\u201d fue capturado en el marco de una causa por <strong>\u201camenazas, da\u00f1o, violaci\u00f3n de domicilio y lesiones leves culposas en concurso real\u201d<\/strong> en Benito Ju\u00e1rez.<\/p>\n<p>&nbsp;<\/p>\n<p><strong>La orden de captura hab\u00eda sido emanada por el Juzgado Correccional N\u00ba 1 de Azul.<\/strong> La detenci\u00f3n fue realizada tras amplias investigaciones y tareas de encubierto realizadas por personal del Gabinete de Investigaci\u00f3n de comisar\u00eda Segunda en conjunto con efectivos de comisar\u00eda Primera.<\/p>\n<p>&nbsp;<\/p>\n<p>El detenido fue trasladado y alojado en la sede de la comisar\u00eda Segunda a disposici\u00f3n del magistrado interviniente.<\/p>\n","protected":false},"excerpt":{"rendered":"<p>Tiene 25 a\u00f1os y la orden de detenci\u00f3n fue emitida por el Juzgado Correccional N\u00ba 1 de Azul.<\/p>\n","protected":false},"author":5,"featured_media":56726,"comment_status":"closed","ping_status":"closed","sticky":false,"template":"","format":"standard","meta":{"_jetpack_memberships_contains_paid_content":false,"footnotes":""},"categories":[14,1],"tags":[],"class_list":["post-56725","post","type-post","status-publish","format-standard","has-post-thumbnail","hentry","category-policiales","category-portada"],"jetpack_featured_media_url":"https:\/\/i0.wp.com\/cdnoticias.com\/wp-content\/uploads\/2022\/06\/WhatsApp-Image-2022-06-07-at-9.16.08-AM.jpeg?fit=1280%2C782&ssl=1","jetpack_sharing_enabled":true,"_links":{"self":[{"href":"https:\/\/cdnoticias.com\/index.php\/wp-json\/wp\/v2\/posts\/56725","targetHints":{"allow":["GET"]}}],"collection":[{"href":"https:\/\/cdnoticias.com\/index.php\/wp-json\/wp\/v2\/posts"}],"about":[{"href":"https:\/\/cdnoticias.com\/index.php\/wp-json\/wp\/v2\/types\/post"}],"author":[{"embeddable":true,"href":"https:\/\/cdnoticias.com\/index.php\/wp-json\/wp\/v2\/users\/5"}],"replies":[{"embeddable":true,"href":"https:\/\/cdnoticias.com\/index.php\/wp-json\/wp\/v2\/comments?post=56725"}],"version-history":[{"count":0,"href":"https:\/\/cdnoticias.com\/index.php\/wp-json\/wp\/v2\/posts\/56725\/revisions"}],"wp:featuredmedia":[{"embeddable":true,"href":"https:\/\/cdnoticias.com\/index.php\/wp-json\/wp\/v2\/media\/56726"}],"wp:attachment":[{"href":"https:\/\/cdnoticias.com\/index.php\/wp-json\/wp\/v2\/media?parent=56725"}],"wp:term":[{"taxonomy":"category","embeddable":true,"href":"https:\/\/cdnoticias.com\/index.php\/wp-json\/wp\/v2\/categories?post=56725"},{"taxonomy":"post_tag","embeddable":true,"href":"https:\/\/cdnoticias.com\/index.php\/wp-json\/wp\/v2\/tags?post=56725"}],"curies":[{"name":"wp","href":"https:\/\/api.w.org\/{rel}","templated":true}]}}