{"id":56713,"date":"2022-06-06T19:47:25","date_gmt":"2022-06-06T22:47:25","guid":{"rendered":"https:\/\/www.centraldenoticias.com.ar\/?p=56713"},"modified":"2022-06-06T19:47:25","modified_gmt":"2022-06-06T22:47:25","slug":"averiguan-las-causas-de-muerte-de-una-joven-dentro-de-una-comisaria-en-laprida","status":"publish","type":"post","link":"https:\/\/cdnoticias.com\/index.php\/2022\/06\/06\/averiguan-las-causas-de-muerte-de-una-joven-dentro-de-una-comisaria-en-laprida\/","title":{"rendered":"Averiguan las causas de muerte de una joven dentro de una Comisar\u00eda en Laprida"},"content":{"rendered":"<p>El hecho se produjo el pasado domingo por la tarde. Las primeras versiones indican que se tratar\u00eda de un suicidio: familiares pidieron \u201cJusticia\u201d y pidieron mayores precisiones.<!--more--><\/p>\n<hr \/>\n<p>El pasado domingo, <strong>una joven de 26 a\u00f1os fue hallada muerta dentro de un calabozo en una Comisar\u00eda de Laprida.<\/strong> Tras el grave hecho, se inici\u00f3 una investigaci\u00f3n y las primeras versiones hablan de un suicidio. <strong>La familia estuvo presente en el lugar y pidieron mayores precisiones a lo informado. Pidieron \u201cJusticia\u201d.<\/strong><\/p>\n<p>&nbsp;<\/p>\n<p>Seg\u00fan lo informado oficialmente por la Jefatura Comunal de Laprida, <strong>a las 07:30 horas fue aprehendida una joven identificada como Daiana Soledad Abregu de 26 a\u00f1os<\/strong>, con intervenci\u00f3n del Juzgado de Paz a cargo de la doctora Saint Martin, permaneciendo alojada en la Comisar\u00eda.<\/p>\n<p>&nbsp;<\/p>\n<p>A las 15:30, <strong>el personal de guardia de la dependencia constat\u00f3 que la joven se habr\u00eda quitado la vida mediante el uso de una prenda de vestir de su propiedad.<\/strong> A pesar de los trabajos m\u00e9dicos del Hospital local, que se trasladaron en una ambulancia de urgencia, se confirm\u00f3 el fallecimiento.<\/p>\n<p>&nbsp;<\/p>\n<p>El ayudante fiscal doctor Braga convoc\u00f3 a <strong>personal de Polic\u00eda Cient\u00edfica de nuestra ciudad para realizar las tareas de peritaje correspondiente y determinar las causas del fallecimiento.<\/strong><\/p>\n<p>&nbsp;<\/p>\n<blockquote><p>Tras unas horas, trasladaron el cuerpo a la Morgue del Cuerpo M\u00e9dico Azul, donde se realizar\u00e1 una autopsia por parte de la Asesor\u00eda Pericial de Azul.<\/p><\/blockquote>\n<p>&nbsp;<\/p>\n<p>La causa, de todas maneras, qued\u00f3 caratulada como <strong>Averiguaci\u00f3n de Causales de Muerte<\/strong>, a cargo de la Ayudant\u00eda Fiscal de Laprida.<\/p>\n<p>&nbsp;<\/p>\n<p>En paralelo y tras enterarse de la noticia<strong>, familiares de Abregu se dirigieron a la dependencia policial \u201cdescreyendo\u201d de la versi\u00f3n oficial y pidieron mayores certezas en torno a lo sucedido y su investigaci\u00f3n.<\/strong><\/p>\n","protected":false},"excerpt":{"rendered":"<p>El hecho se produjo el pasado domingo por la tarde. Las primeras versiones indican que se tratar\u00eda de un suicidio:<\/p>\n","protected":false},"author":2,"featured_media":43328,"comment_status":"closed","ping_status":"closed","sticky":false,"template":"","format":"standard","meta":{"_jetpack_memberships_contains_paid_content":false,"footnotes":""},"categories":[14,1],"tags":[],"class_list":["post-56713","post","type-post","status-publish","format-standard","has-post-thumbnail","hentry","category-policiales","category-portada"],"jetpack_featured_media_url":"https:\/\/i0.wp.com\/cdnoticias.com\/wp-content\/uploads\/2022\/01\/policia-cientifica.jpg?fit=800%2C445&ssl=1","jetpack_sharing_enabled":true,"_links":{"self":[{"href":"https:\/\/cdnoticias.com\/index.php\/wp-json\/wp\/v2\/posts\/56713","targetHints":{"allow":["GET"]}}],"collection":[{"href":"https:\/\/cdnoticias.com\/index.php\/wp-json\/wp\/v2\/posts"}],"about":[{"href":"https:\/\/cdnoticias.com\/index.php\/wp-json\/wp\/v2\/types\/post"}],"author":[{"embeddable":true,"href":"https:\/\/cdnoticias.com\/index.php\/wp-json\/wp\/v2\/users\/2"}],"replies":[{"embeddable":true,"href":"https:\/\/cdnoticias.com\/index.php\/wp-json\/wp\/v2\/comments?post=56713"}],"version-history":[{"count":0,"href":"https:\/\/cdnoticias.com\/index.php\/wp-json\/wp\/v2\/posts\/56713\/revisions"}],"wp:featuredmedia":[{"embeddable":true,"href":"https:\/\/cdnoticias.com\/index.php\/wp-json\/wp\/v2\/media\/43328"}],"wp:attachment":[{"href":"https:\/\/cdnoticias.com\/index.php\/wp-json\/wp\/v2\/media?parent=56713"}],"wp:term":[{"taxonomy":"category","embeddable":true,"href":"https:\/\/cdnoticias.com\/index.php\/wp-json\/wp\/v2\/categories?post=56713"},{"taxonomy":"post_tag","embeddable":true,"href":"https:\/\/cdnoticias.com\/index.php\/wp-json\/wp\/v2\/tags?post=56713"}],"curies":[{"name":"wp","href":"https:\/\/api.w.org\/{rel}","templated":true}]}}