{"id":56705,"date":"2022-06-08T12:37:54","date_gmt":"2022-06-08T15:37:54","guid":{"rendered":"https:\/\/www.centraldenoticias.com.ar\/?p=56705"},"modified":"2022-06-08T12:37:54","modified_gmt":"2022-06-08T15:37:54","slug":"el-escritor-diego-javier-rojas-presentara-sus-libros-en-el-centro-cultural-san-jose","status":"publish","type":"post","link":"https:\/\/cdnoticias.com\/index.php\/2022\/06\/08\/el-escritor-diego-javier-rojas-presentara-sus-libros-en-el-centro-cultural-san-jose\/","title":{"rendered":"El escritor Diego Javier Rojas presentar\u00e1 sus libros en el Centro Cultural San Jos\u00e9"},"content":{"rendered":"<p>Ser\u00e1 el pr\u00f3ximo domingo 12 de junio a partir de las 16:00. &#8220;Les voy a contar de libros y personajes&#8221; tendr\u00e1 entrada es libre y gratuita. <!--more--><\/p>\n<hr \/>\n<p>&nbsp;<\/p>\n<p><strong>&#8220;Les voy a contar de libros y personajes&#8221;<\/strong> se denomina la propuesta a cargo del <strong>escritor local Diego Javier Rojas,<\/strong> que se realizar\u00e1 el pr\u00f3ximo<strong> domingo 12 de junio en el Centro Cultural Municipal \u201cSan Jos\u00e9\u201d con entrada libre y gratuita.<\/strong><\/p>\n<p>&nbsp;<\/p>\n<p>La actividad <strong>ser\u00e1 a partir de las 16:00<\/strong> y el escritor contar\u00e1 las historias de cinco libros de su autor\u00eda: \u201c<strong><em>Un gato como Romeo\u201d, \u201cLa Ogresa de las Matem\u00e1ticas\u201d, \u201cEl soldado EJO: una historia de Malvinas\u201d, \u201cAntolog\u00eda de cuentos y abrazos para d\u00edas desafiantes (Primer ciclo)\u00bb y \u201cAntolog\u00eda de cuentos y abrazos para d\u00edas desafiantes (Segundo ciclo)\u00bb<\/em><\/strong><\/p>\n<p>&nbsp;<\/p>\n<p>Durante la presentaci\u00f3n Diego Javier Rojas dialogar\u00e1 con la <strong>Directora de Gesti\u00f3n Cultural Municipal, Agustina Marino,<\/strong> sobre estos t\u00edtulos y algunos publicados anteriormente.<\/p>\n<p>&nbsp;<\/p>\n<p><img data-recalc-dims=\"1\" loading=\"lazy\" decoding=\"async\" class=\"aligncenter wp-image-56826\" src=\"https:\/\/i0.wp.com\/cdnoticias.com\/wp-content\/uploads\/2022\/06\/diego-rojas-libros.jpg?resize=500%2C500&#038;ssl=1\" alt=\"\" width=\"500\" height=\"500\" srcset=\"https:\/\/i0.wp.com\/cdnoticias.com\/wp-content\/uploads\/2022\/06\/diego-rojas-libros.jpg?w=600&amp;ssl=1 600w, https:\/\/i0.wp.com\/cdnoticias.com\/wp-content\/uploads\/2022\/06\/diego-rojas-libros.jpg?resize=300%2C300&amp;ssl=1 300w, https:\/\/i0.wp.com\/cdnoticias.com\/wp-content\/uploads\/2022\/06\/diego-rojas-libros.jpg?resize=150%2C150&amp;ssl=1 150w\" sizes=\"auto, (max-width: 500px) 100vw, 500px\" \/><\/p>\n<p>&nbsp;<\/p>\n<p><strong>Diego Javier Rojas naci\u00f3 y vive en Olavarr\u00eda.<\/strong> Es maestro, bibliotecario, promotor de la lectura y escritor. Por su trabajo como bibliotecario ha participado en varios congresos y dictando talleres en diversas ciudades del pa\u00eds y del exterior, como Cuba y Chile.<\/p>\n<p>&nbsp;<\/p>\n<p>En su cuidad en el 2012 recibi\u00f3 el Reconocimiento como Bibliotecario por profesionalismo y dedicaci\u00f3n. En el a\u00f1o<strong> 2019 fue galardonado por el Honorable Concejo Deliberante,<\/strong> como \u201cVecino Destacado\u201d por su trabajo como escritor, maestro y bibliotecario especializado en literatura infantojuvenil.<\/p>\n<p>&nbsp;<\/p>\n<p>Tiene varios libros publicados como <em><strong>\u201cVACAciones de a cuatro\u201d, \u201cSe me perdi\u00f3 un dinosaurio\u201d, \u201cCaperucita a mi manera\u201d, \u201cUn pueblo Sequito\u201d<\/strong> <\/em>entre otros.<\/p>\n","protected":false},"excerpt":{"rendered":"<p>Ser\u00e1 el pr\u00f3ximo domingo 12 de junio a partir de las 16:00. &#8220;Les voy a contar de libros y personajes&#8221;<\/p>\n","protected":false},"author":6,"featured_media":56706,"comment_status":"closed","ping_status":"closed","sticky":false,"template":"","format":"standard","meta":{"_jetpack_memberships_contains_paid_content":false,"footnotes":""},"categories":[9,1],"tags":[],"class_list":["post-56705","post","type-post","status-publish","format-standard","has-post-thumbnail","hentry","category-cultura","category-portada"],"jetpack_featured_media_url":"https:\/\/i0.wp.com\/cdnoticias.com\/wp-content\/uploads\/2022\/06\/Fachada-Centro-Cultural-1024x682-1.jpg?fit=1024%2C682&ssl=1","jetpack_sharing_enabled":true,"_links":{"self":[{"href":"https:\/\/cdnoticias.com\/index.php\/wp-json\/wp\/v2\/posts\/56705","targetHints":{"allow":["GET"]}}],"collection":[{"href":"https:\/\/cdnoticias.com\/index.php\/wp-json\/wp\/v2\/posts"}],"about":[{"href":"https:\/\/cdnoticias.com\/index.php\/wp-json\/wp\/v2\/types\/post"}],"author":[{"embeddable":true,"href":"https:\/\/cdnoticias.com\/index.php\/wp-json\/wp\/v2\/users\/6"}],"replies":[{"embeddable":true,"href":"https:\/\/cdnoticias.com\/index.php\/wp-json\/wp\/v2\/comments?post=56705"}],"version-history":[{"count":0,"href":"https:\/\/cdnoticias.com\/index.php\/wp-json\/wp\/v2\/posts\/56705\/revisions"}],"wp:featuredmedia":[{"embeddable":true,"href":"https:\/\/cdnoticias.com\/index.php\/wp-json\/wp\/v2\/media\/56706"}],"wp:attachment":[{"href":"https:\/\/cdnoticias.com\/index.php\/wp-json\/wp\/v2\/media?parent=56705"}],"wp:term":[{"taxonomy":"category","embeddable":true,"href":"https:\/\/cdnoticias.com\/index.php\/wp-json\/wp\/v2\/categories?post=56705"},{"taxonomy":"post_tag","embeddable":true,"href":"https:\/\/cdnoticias.com\/index.php\/wp-json\/wp\/v2\/tags?post=56705"}],"curies":[{"name":"wp","href":"https:\/\/api.w.org\/{rel}","templated":true}]}}