{"id":56694,"date":"2022-06-07T11:29:54","date_gmt":"2022-06-07T14:29:54","guid":{"rendered":"https:\/\/www.centraldenoticias.com.ar\/?p=56694"},"modified":"2022-06-07T11:29:54","modified_gmt":"2022-06-07T14:29:54","slug":"nueva-edicion-del-taller-crear-presente","status":"publish","type":"post","link":"https:\/\/cdnoticias.com\/index.php\/2022\/06\/07\/nueva-edicion-del-taller-crear-presente\/","title":{"rendered":"Nueva edici\u00f3n del taller &#8220;Crear Presente&#8221;"},"content":{"rendered":"<p>Ser\u00e1 en el Centro de Estudios Universitarios de Coopelectric el jueves 9 de junio de 17:30 a 19:30. <!--more--><\/p>\n<hr \/>\n<p>&nbsp;<\/p>\n<p>Se realizar\u00e1 una <strong>nueva edici\u00f3n del taller &#8220;Crear Presente&#8221;<\/strong> en las instalaciones del Centro de Estudios Universitarios (CEU) de Coopelectric. Ser\u00e1 el <strong>jueves 9 de junio de 17:30 a 19:30<\/strong> y estar\u00e1 coordinado por la coach profesional <strong>Mar\u00eda Celia Larraburu<\/strong>. En esta oportunidad la tem\u00e1tica a trabajar ser\u00e1 la \u201cAutoestima\u201d y est\u00e1 dirigido a la comunidad en general.<\/p>\n<p>&nbsp;<\/p>\n<p>&#8220;La modalidad de esta propuesta consiste en un taller conversacional y din\u00e1mico que apunta a la reflexi\u00f3n en pos de modificar e impactar en el sistema personal o laboral, abordando diferentes aspectos y roles de los seres humanos, los v\u00ednculos y la interacci\u00f3n con el otro. Con eje en la escucha activa, el feedback, el respeto hacia las vivencias individuales y mediante la construcci\u00f3n de un espacio de confianza, la coach contribuir\u00e1 a identificar problem\u00e1ticas actuales y brindar\u00e1 las herramientas necesarias para posibilitar la acci\u00f3n al cambio con la finalidad de mejorar el presente de los participantes&#8221; se indic\u00f3.<\/p>\n<p>&nbsp;<\/p>\n<p>Para consultar por disponibilidad, arancel del taller o para ampliar la informaci\u00f3n, los interesados podr\u00e1n contactarse al <strong>tel\u00e9fono 2284-636951, e-mail celiaolavarria@hotmail.com<\/strong>, Instagram: uncambio_en tu ser<\/p>\n","protected":false},"excerpt":{"rendered":"<p>Ser\u00e1 en el Centro de Estudios Universitarios de Coopelectric el jueves 9 de junio de 17:30 a 19:30.<\/p>\n","protected":false},"author":6,"featured_media":56697,"comment_status":"closed","ping_status":"closed","sticky":false,"template":"","format":"standard","meta":{"_jetpack_memberships_contains_paid_content":false,"footnotes":""},"categories":[5,1],"tags":[],"class_list":["post-56694","post","type-post","status-publish","format-standard","has-post-thumbnail","hentry","category-informacion-general","category-portada"],"jetpack_featured_media_url":"https:\/\/i0.wp.com\/cdnoticias.com\/wp-content\/uploads\/2022\/06\/Diseno-sin-titulo-30.jpg?fit=1920%2C1080&ssl=1","jetpack_sharing_enabled":true,"_links":{"self":[{"href":"https:\/\/cdnoticias.com\/index.php\/wp-json\/wp\/v2\/posts\/56694","targetHints":{"allow":["GET"]}}],"collection":[{"href":"https:\/\/cdnoticias.com\/index.php\/wp-json\/wp\/v2\/posts"}],"about":[{"href":"https:\/\/cdnoticias.com\/index.php\/wp-json\/wp\/v2\/types\/post"}],"author":[{"embeddable":true,"href":"https:\/\/cdnoticias.com\/index.php\/wp-json\/wp\/v2\/users\/6"}],"replies":[{"embeddable":true,"href":"https:\/\/cdnoticias.com\/index.php\/wp-json\/wp\/v2\/comments?post=56694"}],"version-history":[{"count":0,"href":"https:\/\/cdnoticias.com\/index.php\/wp-json\/wp\/v2\/posts\/56694\/revisions"}],"wp:featuredmedia":[{"embeddable":true,"href":"https:\/\/cdnoticias.com\/index.php\/wp-json\/wp\/v2\/media\/56697"}],"wp:attachment":[{"href":"https:\/\/cdnoticias.com\/index.php\/wp-json\/wp\/v2\/media?parent=56694"}],"wp:term":[{"taxonomy":"category","embeddable":true,"href":"https:\/\/cdnoticias.com\/index.php\/wp-json\/wp\/v2\/categories?post=56694"},{"taxonomy":"post_tag","embeddable":true,"href":"https:\/\/cdnoticias.com\/index.php\/wp-json\/wp\/v2\/tags?post=56694"}],"curies":[{"name":"wp","href":"https:\/\/api.w.org\/{rel}","templated":true}]}}