{"id":56611,"date":"2022-06-05T20:48:55","date_gmt":"2022-06-05T23:48:55","guid":{"rendered":"https:\/\/www.centraldenoticias.com.ar\/?p=56611"},"modified":"2022-06-06T09:54:03","modified_gmt":"2022-06-06T12:54:03","slug":"zona-fria-vivir-dignamente-y-poder-calefaccionarnos-en-epoca-invernal-es-un-derecho-no-un-lujo","status":"publish","type":"post","link":"https:\/\/cdnoticias.com\/index.php\/2022\/06\/05\/zona-fria-vivir-dignamente-y-poder-calefaccionarnos-en-epoca-invernal-es-un-derecho-no-un-lujo\/","title":{"rendered":"Zona Fr\u00eda: &#8220;vivir dignamente y poder calefaccionarnos en \u00e9poca invernal es un derecho, no un lujo&#8221;"},"content":{"rendered":"<p>As\u00ed lo indic\u00f3 Liliana Schwindt a trav\u00e9s de su red social Twitter, en una dura respuesta al comunicado del Municipio que expres\u00f3 un pedido sobre el beneficio.<br \/>\n<!--more--><\/p>\n<hr \/>\n<p>&nbsp;<\/p>\n<p>La <strong>dirigente del peronismo Liliana Schwindt respondi\u00f3 al Municipio<\/strong> a trav\u00e9s de su red social Twitter luego de que se difundieron <a href=\"https:\/\/cdnoticias.com\/index.php\/2022\/06\/05\/el-municipio-salio-a-pedir-por-la-ley-de-zona-fria-para-usuarios-de-garrafa\/\" target=\"_blank\" rel=\"noopener\">declaraciones de la directora de Defensa al Consumidor, Andrea Imbrogno, referidas al servicio de gas y la aplicaci\u00f3n de la legislaci\u00f3n nacional sobre \u201cZona Fr\u00eda<\/a>\u201d. Cabe recordar que la ahora ex funcionaria nacional impuls\u00f3 el proyecto que se convirti\u00f3 en ley el a\u00f1o pasado.<\/p>\n<p>&nbsp;<\/p>\n<p><strong>&#8220;En Olavarr\u00eda, tenemos el beneficio de &#8220;Zona Fr\u00eda&#8221; por justicia y por necesidad<\/strong>.\u00a0Por m\u00e1s de 10 a\u00f1os, estuve luchando para que Olavarr\u00eda y otras ciudades de Centro, Sur y Costa Atl\u00e1ntica de Buenos Aires, as\u00ed como de C\u00f3rdoba, San Luis, Salta, San Juan y Mendoza, ingresen al R\u00e9gimen de Zonas Fr\u00edas&#8221; record\u00f3 Schwindt.<\/p>\n<p>&nbsp;<\/p>\n<blockquote class=\"twitter-tweet\">\n<p dir=\"ltr\" lang=\"es\">EN OLAVARR\u00cdA, TENEMOS EL BENEFICIO DE &#8220;ZONA FR\u00cdA&#8221; POR JUSTICIA Y POR NECESIDAD \ud83d\udc47\ud83c\udffc <a href=\"https:\/\/t.co\/iwA10fHUeX\">pic.twitter.com\/iwA10fHUeX<\/a><\/p>\n<p>\u2014 Liliana Schwindt (@LILIDEOLAVARRIA) <a href=\"https:\/\/twitter.com\/LILIDEOLAVARRIA\/status\/1533573919206146056?ref_src=twsrc%5Etfw\">June 5, 2022<\/a><\/p><\/blockquote>\n<p><script async src=\"https:\/\/platform.twitter.com\/widgets.js\" charset=\"utf-8\"><\/script><\/p>\n<p>&nbsp;<\/p>\n<p>&#8220;El a\u00f1o pasado, eso que parec\u00eda un sue\u00f1o se hizo realidad, <strong>accedimos al beneficio y empezaron a llegarnos facturas con descuento sobre el consumo de entre 30% y 50%<\/strong> (como les muestro en la imagen)&#8221; agreg\u00f3 la ex Subsecretaria de Acciones para la Defensa de las y los Consumidores.<\/p>\n<p>&nbsp;<\/p>\n<p><strong>&#8220;Pero eso parece que no basta para algunos que no hicieron absolutamente nada para que accedamos a este beneficio justo, y hoy cuestionan que lo tengamos o lo ponen en duda<\/strong>&#8221; se quej\u00f3.<\/p>\n<p>&nbsp;<\/p>\n<p>En el cierre reforz\u00f3 las<strong> cr\u00edticas la gesti\u00f3n de Ezequiel Galli:<\/strong><em> <strong>\u201cvivir dignamente y poder calefaccionarnos en \u00e9poca invernal es un derecho, no un lujo. Denunciar, como lo hacen algunos, sin hacer ni saber, solo demuestra inoperancia\u201d.<\/strong><\/em><\/p>\n","protected":false},"excerpt":{"rendered":"<p>As\u00ed lo indic\u00f3 Liliana Schwindt a trav\u00e9s de su red social Twitter, en una dura respuesta al comunicado del Municipio<\/p>\n","protected":false},"author":6,"featured_media":47521,"comment_status":"closed","ping_status":"closed","sticky":false,"template":"","format":"standard","meta":{"_jetpack_memberships_contains_paid_content":false,"footnotes":""},"categories":[4,1],"tags":[],"class_list":["post-56611","post","type-post","status-publish","format-standard","has-post-thumbnail","hentry","category-politica","category-portada"],"jetpack_featured_media_url":"https:\/\/i0.wp.com\/cdnoticias.com\/wp-content\/uploads\/2022\/02\/liliana-schwindt-00.jpg?fit=800%2C445&ssl=1","jetpack_sharing_enabled":true,"_links":{"self":[{"href":"https:\/\/cdnoticias.com\/index.php\/wp-json\/wp\/v2\/posts\/56611","targetHints":{"allow":["GET"]}}],"collection":[{"href":"https:\/\/cdnoticias.com\/index.php\/wp-json\/wp\/v2\/posts"}],"about":[{"href":"https:\/\/cdnoticias.com\/index.php\/wp-json\/wp\/v2\/types\/post"}],"author":[{"embeddable":true,"href":"https:\/\/cdnoticias.com\/index.php\/wp-json\/wp\/v2\/users\/6"}],"replies":[{"embeddable":true,"href":"https:\/\/cdnoticias.com\/index.php\/wp-json\/wp\/v2\/comments?post=56611"}],"version-history":[{"count":0,"href":"https:\/\/cdnoticias.com\/index.php\/wp-json\/wp\/v2\/posts\/56611\/revisions"}],"wp:featuredmedia":[{"embeddable":true,"href":"https:\/\/cdnoticias.com\/index.php\/wp-json\/wp\/v2\/media\/47521"}],"wp:attachment":[{"href":"https:\/\/cdnoticias.com\/index.php\/wp-json\/wp\/v2\/media?parent=56611"}],"wp:term":[{"taxonomy":"category","embeddable":true,"href":"https:\/\/cdnoticias.com\/index.php\/wp-json\/wp\/v2\/categories?post=56611"},{"taxonomy":"post_tag","embeddable":true,"href":"https:\/\/cdnoticias.com\/index.php\/wp-json\/wp\/v2\/tags?post=56611"}],"curies":[{"name":"wp","href":"https:\/\/api.w.org\/{rel}","templated":true}]}}