{"id":56576,"date":"2022-06-12T17:11:38","date_gmt":"2022-06-12T20:11:38","guid":{"rendered":"https:\/\/www.centraldenoticias.com.ar\/?p=56576"},"modified":"2022-06-12T17:11:38","modified_gmt":"2022-06-12T20:11:38","slug":"se-realizara-la-v-jornada-de-periodismo-investigacion-y-democracia","status":"publish","type":"post","link":"https:\/\/cdnoticias.com\/index.php\/2022\/06\/12\/se-realizara-la-v-jornada-de-periodismo-investigacion-y-democracia\/","title":{"rendered":"Se realizar\u00e1 la V Jornada de Periodismo, Investigaci\u00f3n y Democracia"},"content":{"rendered":"<p>Ser\u00e1 el jueves 16 de junio en el marco de las actividades por el D\u00eda de las y los Periodistas. Habr\u00e1 conferencias del Dr. Mart\u00edn Becerra y la Dra. Ammina Kothari.<!--more--><\/p>\n<hr \/>\n<p>&nbsp;<\/p>\n<p>El pr\u00f3ximo <strong>jueves 16 de junio se realizar\u00e1 la V Jornada de Periodismo, Investigaci\u00f3n y Democracia<\/strong> sobre <strong>plataformas digitales e inteligencia artificial.<\/strong><\/p>\n<p>&nbsp;<\/p>\n<p>Participar\u00e1n con la presentaci\u00f3n de un dec\u00e1logo y las conferencias el <strong>Dr. Mart\u00edn Becerra y la Dra. Ammina Kothari<\/strong>. La jornada est\u00e1 organizada por el Observatorio de Medios, Ciudadan\u00eda y Democracia y el N\u00facleo de Investigaci\u00f3n Estudios de Comunicaci\u00f3n y Cultura en Olavarr\u00eda de la Facultad de Ciencias Sociales.<\/p>\n<p>&nbsp;<\/p>\n<p>La V Jornada, titulada <strong>\u201cPlataformas digitales e Inteligencia Artificial: desaf\u00edos para pensar la profesi\u00f3n\u201d<\/strong>, se desarrollar\u00e1 bajo <strong>modalidad presencial y virtual.<\/strong> Las actividades dar\u00e1n inicio<strong> a partir de las 14:30<\/strong>, y la apertura estar\u00e1 a cargo de la Dra. M\u00f3nica Cohendoz, directora del Observatorio de Medios, Ciudadan\u00eda y Democracia.<\/p>\n<p>&nbsp;<\/p>\n<p>Posteriormente, a las 14:45 se llevar\u00e1 adelante la primera actividad titulada \u201c<strong>Presentaci\u00f3n de un dec\u00e1logo para el tratamiento de noticias en contextos de incertidumbres<\/strong>\u201d. El mismo fue elaborado en conjunto por investigadores\/as del Observatorio y periodistas de la ciudad de Olavarr\u00eda y Tandil.<\/p>\n<p>&nbsp;<\/p>\n<p>El objetivo es que el dec\u00e1logo sea un material de consulta para estudiantes y futuros\/as graduados\/as, con el fin de recolectar la valiosa experiencia de los y las periodistas locales en la cobertura de la pandemia por COVID-19. Este momento de la Jornada ser\u00e1 moderado por la Mag. Mar\u00eda Victoria Ennis, quien dirigi\u00f3 el Proyecto de Extensi\u00f3n Universitaria que permiti\u00f3 la construcci\u00f3n del dec\u00e1logo.<\/p>\n<p>&nbsp;<\/p>\n<p>A las 16:00 se presentar\u00e1 la segunda actividad denominada: <strong>\u201cInteligencia artificial y periodismo: el impacto de esta tecnolog\u00eda en las redacciones\u201d<\/strong> y la conferencista a cargo ser\u00e1 la <strong>Dra. Ammina Kothari<\/strong> (<strong>Universidad de Rhode Island, New York, Estados Unidos<\/strong>), quien en soporte de video previamente grabado y subtitulado abrir\u00e1 el debate respecto al uso de la inteligencia artificial, sus potencialidades y limitaciones. La Dra. Kothari es una especialista de larga trayectoria en esta tem\u00e1tica y se ha vinculado recientemente con el equipo del Observatorio de Medios.<\/p>\n<p>&nbsp;<\/p>\n<p><img data-recalc-dims=\"1\" loading=\"lazy\" decoding=\"async\" class=\"aligncenter wp-image-56578 size-full\" src=\"https:\/\/i0.wp.com\/cdnoticias.com\/wp-content\/uploads\/2022\/06\/Ammina-Kothari.jpg?resize=512%2C512&#038;ssl=1\" alt=\"\" width=\"512\" height=\"512\" srcset=\"https:\/\/i0.wp.com\/cdnoticias.com\/wp-content\/uploads\/2022\/06\/Ammina-Kothari.jpg?w=512&amp;ssl=1 512w, https:\/\/i0.wp.com\/cdnoticias.com\/wp-content\/uploads\/2022\/06\/Ammina-Kothari.jpg?resize=300%2C300&amp;ssl=1 300w, https:\/\/i0.wp.com\/cdnoticias.com\/wp-content\/uploads\/2022\/06\/Ammina-Kothari.jpg?resize=150%2C150&amp;ssl=1 150w\" sizes=\"auto, (max-width: 512px) 100vw, 512px\" \/><\/p>\n<p>&nbsp;<\/p>\n<p>A las 17:00 dar\u00e1 inicio la conferencia de cierre de la Jornada: <strong>\u201cPlataformas digitales e Inteligencia Artificial: desaf\u00edos para pensar la profesi\u00f3n<\/strong>\u201d a cargo del <strong>Investigador Principal de CONICET, Dr. Mart\u00edn Becerra<\/strong>, quien ha escrito numerosos libros y dirige el Programa de Investigaci\u00f3n \u201cIndustrias culturales, medios y pol\u00edticas de comunicaci\u00f3n en la convergencia en Argentina\u201d de la Universidad Nacional de Quilmes.<\/p>\n<p>&nbsp;<\/p>\n<p><img data-recalc-dims=\"1\" loading=\"lazy\" decoding=\"async\" class=\"aligncenter wp-image-56579 size-full\" src=\"https:\/\/i0.wp.com\/cdnoticias.com\/wp-content\/uploads\/2022\/06\/martin-becerra.jpg?resize=480%2C320&#038;ssl=1\" alt=\"\" width=\"480\" height=\"320\" srcset=\"https:\/\/i0.wp.com\/cdnoticias.com\/wp-content\/uploads\/2022\/06\/martin-becerra.jpg?w=480&amp;ssl=1 480w, https:\/\/i0.wp.com\/cdnoticias.com\/wp-content\/uploads\/2022\/06\/martin-becerra.jpg?resize=300%2C200&amp;ssl=1 300w, https:\/\/i0.wp.com\/cdnoticias.com\/wp-content\/uploads\/2022\/06\/martin-becerra.jpg?resize=272%2C182&amp;ssl=1 272w\" sizes=\"auto, (max-width: 480px) 100vw, 480px\" \/><\/p>\n<p>&nbsp;<\/p>\n<p><strong>\u00bfC\u00f3mo participar de la V Jornada de Periodismo, Investigaci\u00f3n y Democracia?<\/strong><\/p>\n<p>&nbsp;<\/p>\n<p>Para quienes deseen asistir de manera presencial, la actividad <strong>se realizar\u00e1 el d\u00eda 16 de junio desde las 14:30 en el SUM del Edificio de Aulas Comunes del Complejo Universitario de Olavarr\u00eda.<\/strong><\/p>\n<p>&nbsp;<\/p>\n<p>Para participar de la <strong>modalidad presencial y obtener un certificado,<\/strong> ser\u00e1 requisito inscribirse por medio del <a href=\"https:\/\/docs.google.com\/forms\/d\/e\/1FAIpQLSeItGNFO5gzhGr2L5wTxlEvAWCX4A3UTo2Kv30_5ozVTxB8cw\/viewform\">formulario disponible aqu\u00ed<\/a>. Quienes quieran seguir la actividad de manera virtual, la misma ser\u00e1 transmitida a trav\u00e9s del Canal de Youtube de la FACSO.<\/p>\n<p>&nbsp;<\/p>\n<p>&nbsp;<\/p>\n","protected":false},"excerpt":{"rendered":"<p>Ser\u00e1 el jueves 16 de junio en el marco de las actividades por el D\u00eda de las y los Periodistas.<\/p>\n","protected":false},"author":6,"featured_media":56583,"comment_status":"closed","ping_status":"closed","sticky":false,"template":"","format":"standard","meta":{"_jetpack_memberships_contains_paid_content":false,"footnotes":""},"categories":[5,1],"tags":[],"class_list":["post-56576","post","type-post","status-publish","format-standard","has-post-thumbnail","hentry","category-informacion-general","category-portada"],"jetpack_featured_media_url":"https:\/\/i0.wp.com\/cdnoticias.com\/wp-content\/uploads\/2022\/06\/Diseno-sin-titulo.jpg?fit=1920%2C1080&ssl=1","jetpack_sharing_enabled":true,"_links":{"self":[{"href":"https:\/\/cdnoticias.com\/index.php\/wp-json\/wp\/v2\/posts\/56576","targetHints":{"allow":["GET"]}}],"collection":[{"href":"https:\/\/cdnoticias.com\/index.php\/wp-json\/wp\/v2\/posts"}],"about":[{"href":"https:\/\/cdnoticias.com\/index.php\/wp-json\/wp\/v2\/types\/post"}],"author":[{"embeddable":true,"href":"https:\/\/cdnoticias.com\/index.php\/wp-json\/wp\/v2\/users\/6"}],"replies":[{"embeddable":true,"href":"https:\/\/cdnoticias.com\/index.php\/wp-json\/wp\/v2\/comments?post=56576"}],"version-history":[{"count":0,"href":"https:\/\/cdnoticias.com\/index.php\/wp-json\/wp\/v2\/posts\/56576\/revisions"}],"wp:featuredmedia":[{"embeddable":true,"href":"https:\/\/cdnoticias.com\/index.php\/wp-json\/wp\/v2\/media\/56583"}],"wp:attachment":[{"href":"https:\/\/cdnoticias.com\/index.php\/wp-json\/wp\/v2\/media?parent=56576"}],"wp:term":[{"taxonomy":"category","embeddable":true,"href":"https:\/\/cdnoticias.com\/index.php\/wp-json\/wp\/v2\/categories?post=56576"},{"taxonomy":"post_tag","embeddable":true,"href":"https:\/\/cdnoticias.com\/index.php\/wp-json\/wp\/v2\/tags?post=56576"}],"curies":[{"name":"wp","href":"https:\/\/api.w.org\/{rel}","templated":true}]}}