{"id":56567,"date":"2022-06-05T17:31:18","date_gmt":"2022-06-05T20:31:18","guid":{"rendered":"https:\/\/www.centraldenoticias.com.ar\/?p=56567"},"modified":"2022-06-05T17:37:02","modified_gmt":"2022-06-05T20:37:02","slug":"se-realizo-el-acto-protocolar-por-el-dia-del-bombero-voluntario","status":"publish","type":"post","link":"https:\/\/cdnoticias.com\/index.php\/2022\/06\/05\/se-realizo-el-acto-protocolar-por-el-dia-del-bombero-voluntario\/","title":{"rendered":"Se realiz\u00f3 el Acto Protocolar por el D\u00eda del Bombero Voluntario"},"content":{"rendered":"<p>Fue en la tarde de este s\u00e1bado. Se hizo entrega de distinciones y ascensos dentro del cuerpo activo.<!--more--><\/p>\n<hr \/>\n<p>&nbsp;<\/p>\n<p>Este s\u00e1bado por la tarde se realiz\u00f3 el <strong>Acto Protocolar por el D\u00eda del Bombero Voluntario<\/strong>. La ceremonia tuvo lugar en las instalaciones de la asociaci\u00f3n, ubicada en avenida Col\u00f3n 3250.<\/p>\n<p>&nbsp;<\/p>\n<p>Al comienzo del acto, personal del cuerpo activo del cuartel central, y los destacamentos de Loma Negra, Sierras Bayas e Hinojo, realiz\u00f3 la formaci\u00f3n correspondiente para dar paso a la formaci\u00f3n a cargo del 2\u00b0 Jefe del Cuerpo, Comandante Mayor Marcelo Rafael Menchaca, secundado por el Comandante Mayor Julio C\u00e9sar Kolman y el Comandante Mayor Javier Alfredo Dom\u00ednguez.<\/p>\n<p>&nbsp;<\/p>\n<p>Acto seguido se dio lugar a la entrada de la bandera de ceremonias, portada por el abanderado Oficial de Dotaci\u00f3n Adri\u00e1n Guevara, escolta Oficial Auxiliar Pablo Moreno, el Ayudante Abel Ruybal, y Jefe de bandera Sub-comandante y parte del cuerpo de reserva Marcelo Hugo Rodr\u00edguez.<\/p>\n<p>&nbsp;<\/p>\n<p>Luego, se hizo escucha de las estrofas del Himno Nacional Argentino y se realiz\u00f3 en el recinto un minuto de silencio <strong>&#8220;en memoria de miembros de la instituci\u00f3n, socios y v\u00edctimas del Covid-19 que ya no se encuentran entre nosotros&#8221;.\u00a0<\/strong><\/p>\n<p>&nbsp;<\/p>\n<p>Adem\u00e1s, el p\u00e1rroco de la Iglesia San Jos\u00e9, Padre Juan Sebasti\u00e1n Briscioli, hizo lectura de unas oraciones y bendijo a los Bomberos Voluntarios en esta ocasi\u00f3n especial.<\/p>\n<p>&nbsp;<\/p>\n<p><img data-recalc-dims=\"1\" loading=\"lazy\" decoding=\"async\" class=\"aligncenter wp-image-56571 size-large\" src=\"https:\/\/i0.wp.com\/cdnoticias.com\/wp-content\/uploads\/2022\/06\/MG_1497.jpg?resize=800%2C534&#038;ssl=1\" alt=\"\" width=\"800\" height=\"534\" srcset=\"https:\/\/i0.wp.com\/cdnoticias.com\/wp-content\/uploads\/2022\/06\/MG_1497-scaled.jpg?resize=1024%2C683&amp;ssl=1 1024w, https:\/\/i0.wp.com\/cdnoticias.com\/wp-content\/uploads\/2022\/06\/MG_1497-scaled.jpg?resize=300%2C200&amp;ssl=1 300w, https:\/\/i0.wp.com\/cdnoticias.com\/wp-content\/uploads\/2022\/06\/MG_1497-scaled.jpg?resize=768%2C512&amp;ssl=1 768w, https:\/\/i0.wp.com\/cdnoticias.com\/wp-content\/uploads\/2022\/06\/MG_1497-scaled.jpg?resize=1536%2C1024&amp;ssl=1 1536w, https:\/\/i0.wp.com\/cdnoticias.com\/wp-content\/uploads\/2022\/06\/MG_1497-scaled.jpg?resize=2048%2C1365&amp;ssl=1 2048w, https:\/\/i0.wp.com\/cdnoticias.com\/wp-content\/uploads\/2022\/06\/MG_1497-scaled.jpg?resize=272%2C182&amp;ssl=1 272w, https:\/\/i0.wp.com\/cdnoticias.com\/wp-content\/uploads\/2022\/06\/MG_1497-scaled.jpg?w=1600&amp;ssl=1 1600w, https:\/\/i0.wp.com\/cdnoticias.com\/wp-content\/uploads\/2022\/06\/MG_1497-scaled.jpg?w=2400&amp;ssl=1 2400w\" sizes=\"auto, (max-width: 800px) 100vw, 800px\" \/><\/p>\n<p>&nbsp;<\/p>\n<p>El <strong>Comandante General Ra\u00fal Ferreira, Jefe del Cuerpo Activo<\/strong> agradeci\u00f3 &#8220;el sacrificio, esfuerzo y dedicaci\u00f3n de todos los bomberos que componen la asociaci\u00f3n, a todas las familias que acompa\u00f1an esta decisi\u00f3n de servir a la comunidad, al concejo directivo que trabaja incansablemente para darle lo mejor a la instituci\u00f3n y a la subcomisi\u00f3n de damas, el nexo entre bomberos y otras instituciones para cumplir objetivos y ayudar d\u00eda a d\u00eda&#8221;.<\/p>\n<p>&nbsp;<\/p>\n<p>Posteriormente, el <strong>Presidente del Concejo Directivo, Hugo Fayan\u00e1s<\/strong> agradeci\u00f3 a &#8220;todos aquellos que componen a la instituci\u00f3n, a quienes trabajan para llevar a cabo los objetivos y proyectos, el concejo directivo. Recalc\u00f3 el trabajo incansable de bomberos, que ponen cuerpo y alma para que la asociaci\u00f3n siga en pie&#8221;.<\/p>\n<p>&nbsp;<\/p>\n<p>Asimismo, agradeci\u00f3 la <strong>presencia del intendente Ezequiel Galli<\/strong> y agreg\u00f3 que &#8220;<strong>es un gran aporte el que realizan, escuchando las necesidades y aportes para mejorar esta gran instituci\u00f3n que es bomberos&#8221;.<\/strong><\/p>\n<p>&nbsp;<\/p>\n<p>Al respecto, el intendente Galli brind\u00f3 un discurso en el cual indic\u00f3 que &#8220;<strong>la Asociaci\u00f3n de Bomberos Voluntarios de Olavarr\u00eda es motivo de ejemplo y orgullo\u201d y agreg\u00f3 que \u201clos bomberos jam\u00e1s mueren, laten en los corazones de aquellos a los que salvaron\u201d.<\/strong><\/p>\n<p>&nbsp;<\/p>\n<p>Por \u00faltimo, el Bombero Federico Kesler acompa\u00f1ado del Bombero Federico Torres, ley\u00f3 una carta escrita por su compa\u00f1ero Oficial Auxiliar Ra\u00fal \u201cMe\u00f1e\u201d Torres, recientemente fallecido. \u201cMe\u00f1e\u201d, oriundo de Sierras Bayas, hab\u00eda ingresado a la instituci\u00f3n como integrante del primero Cuerpo Auxiliar de Buzos en 1987.<\/p>\n<p>&nbsp;<\/p>\n<p><img data-recalc-dims=\"1\" loading=\"lazy\" decoding=\"async\" class=\"aligncenter wp-image-56570 size-large\" src=\"https:\/\/i0.wp.com\/cdnoticias.com\/wp-content\/uploads\/2022\/06\/MG_1471.jpg?resize=800%2C533&#038;ssl=1\" alt=\"\" width=\"800\" height=\"533\" srcset=\"https:\/\/i0.wp.com\/cdnoticias.com\/wp-content\/uploads\/2022\/06\/MG_1471-scaled.jpg?resize=1024%2C682&amp;ssl=1 1024w, https:\/\/i0.wp.com\/cdnoticias.com\/wp-content\/uploads\/2022\/06\/MG_1471-scaled.jpg?resize=300%2C200&amp;ssl=1 300w, https:\/\/i0.wp.com\/cdnoticias.com\/wp-content\/uploads\/2022\/06\/MG_1471-scaled.jpg?resize=768%2C511&amp;ssl=1 768w, https:\/\/i0.wp.com\/cdnoticias.com\/wp-content\/uploads\/2022\/06\/MG_1471-scaled.jpg?resize=1536%2C1022&amp;ssl=1 1536w, https:\/\/i0.wp.com\/cdnoticias.com\/wp-content\/uploads\/2022\/06\/MG_1471-scaled.jpg?resize=2048%2C1363&amp;ssl=1 2048w, https:\/\/i0.wp.com\/cdnoticias.com\/wp-content\/uploads\/2022\/06\/MG_1471-scaled.jpg?resize=272%2C182&amp;ssl=1 272w, https:\/\/i0.wp.com\/cdnoticias.com\/wp-content\/uploads\/2022\/06\/MG_1471-scaled.jpg?w=1600&amp;ssl=1 1600w, https:\/\/i0.wp.com\/cdnoticias.com\/wp-content\/uploads\/2022\/06\/MG_1471-scaled.jpg?w=2400&amp;ssl=1 2400w\" sizes=\"auto, (max-width: 800px) 100vw, 800px\" \/><\/p>\n<p>&nbsp;<\/p>\n<p><strong>Distinciones y Ascensos<\/strong><\/p>\n<p>Como consecuencia de la pandemia por Covid-19 muchos ascensos y distinciones no hab\u00edan podido llevarse a cabo en su momento. Uno de los primeros reconocimientos, por <strong>iniciativa del bloque Ahora Olavarr\u00eda y tratado en el Honorable Concejo Deliberante,<\/strong> fue la <strong>distinci\u00f3n del Bombero Carlos Marfurt<\/strong> a quien se le reconoci\u00f3 su labor dentro de la Brigada Puma de la Federaci\u00f3n de Asociaciones de Bomberos Voluntarios de la Provincia de Buenos Aires (FACBA).<\/p>\n<p>&nbsp;<\/p>\n<p>Luego se hizo entrega de las <strong>distinciones al personal del cuerpo que cumpli\u00f3 25 a\u00f1os de servicio en la asociaci\u00f3n<\/strong>. Los bomberos distinguidos fueron: Oficial Aux Gustavo Palermo; y los suboficiales Jos\u00e9 Luis Galizio; Elbio Chacho; Carlos Duval; Juan Novoa; Osvaldo Tachela; Sergio Omar Ar\u00e9valo; Rodolfo L\u00f3pez y los bomberos Jos\u00e9 Lafitte y Ra\u00fal Rodr\u00edguez.<\/p>\n<p>&nbsp;<\/p>\n<p>Tambi\u00e9n se llev\u00f3 a cabo los <strong>juramentos de los nuevos bomberos recientemente ascendidos en el per\u00edodo de pandemia: <\/strong>Mar\u00eda Paz El\u00edas; Thomas Garc\u00eda; Ariel Carballo; Lautaro Torres; Santiago Ferreira y Martin Amilliano. Adem\u00e1s, tom\u00f3 juramento el Comandante Mayor H\u00e9ctor Hoyos del Cuerpo de Reserva, director de la Escuela del Cuerpo de Cadetes y ex Jefe del Cuerpo Activo.<\/p>\n<p>&nbsp;<\/p>\n<p><img data-recalc-dims=\"1\" loading=\"lazy\" decoding=\"async\" class=\"aligncenter wp-image-56573 size-large\" src=\"https:\/\/i0.wp.com\/cdnoticias.com\/wp-content\/uploads\/2022\/06\/MG_1543.jpg?resize=800%2C534&#038;ssl=1\" alt=\"\" width=\"800\" height=\"534\" srcset=\"https:\/\/i0.wp.com\/cdnoticias.com\/wp-content\/uploads\/2022\/06\/MG_1543-scaled.jpg?resize=1024%2C683&amp;ssl=1 1024w, https:\/\/i0.wp.com\/cdnoticias.com\/wp-content\/uploads\/2022\/06\/MG_1543-scaled.jpg?resize=300%2C200&amp;ssl=1 300w, https:\/\/i0.wp.com\/cdnoticias.com\/wp-content\/uploads\/2022\/06\/MG_1543-scaled.jpg?resize=768%2C512&amp;ssl=1 768w, https:\/\/i0.wp.com\/cdnoticias.com\/wp-content\/uploads\/2022\/06\/MG_1543-scaled.jpg?resize=1536%2C1024&amp;ssl=1 1536w, https:\/\/i0.wp.com\/cdnoticias.com\/wp-content\/uploads\/2022\/06\/MG_1543-scaled.jpg?resize=2048%2C1365&amp;ssl=1 2048w, https:\/\/i0.wp.com\/cdnoticias.com\/wp-content\/uploads\/2022\/06\/MG_1543-scaled.jpg?resize=272%2C182&amp;ssl=1 272w, https:\/\/i0.wp.com\/cdnoticias.com\/wp-content\/uploads\/2022\/06\/MG_1543-scaled.jpg?w=1600&amp;ssl=1 1600w, https:\/\/i0.wp.com\/cdnoticias.com\/wp-content\/uploads\/2022\/06\/MG_1543-scaled.jpg?w=2400&amp;ssl=1 2400w\" sizes=\"auto, (max-width: 800px) 100vw, 800px\" \/><\/p>\n<p>&nbsp;<\/p>\n<p>Por otra parte, se llevaron a cabo los ascensos correspondientes a Sub-oficial Sub-ayudante a los bomberos: C\u00e9sar Guidoni; Carlos Marfurt; Sergio Iyarza; Marcelo L\u00f3pez; Nicol\u00e1s Pavone; Claudio Barrios; Rub\u00e9n Alfonzo; Mar\u00eda Bevacqua; Marcos Araguino; Joaqu\u00edn Doorish; Nahuel Alga\u00f1araz; C\u00e9sar Terenzano; Alejandro Acosta; Fernando Haaz; Mario Cangran; Eduardo Fern\u00e1ndez y Danielo Canobi, a Subayudantes a Ayudantes los oficiales: Mariano Cian y Gast\u00f3n Stanley.<\/p>\n<p>&nbsp;<\/p>\n<p>Por \u00faltimo, ascendieron a Sub-oficial ayudante de primera los ayudantes Abel Ruybal; Marcos Garc\u00eda; y los Sub-ayudantes Emilio Hern\u00e1ndez y Fernando Quinteros, a sub-oficial ayudante principal: los ayudantes de primera Juan Andrada y Martin Farinella; y los Sub-ayudantes Dar\u00edo Dubal; Juan Novoa y Agust\u00edn Fonseca, a Sub-oficial ayudante mayor: los ayudantes principales: Paola Natalle y Pedro Arias y los ayudantes de primera Gast\u00f3n Vizzolini y Sebasti\u00e1n Rikal, a oficial auxiliar los ayudante mayor: Rafael Mart\u00ednez y Sergio Alaman, a Oficial Aux. de Cuadra los oficiales auxiliares Pablo Moreno y Juan Belgrano, a Oficial Aux. de Dotaci\u00f3n el oficial Aux. Juan Ponce, a Sub-comandante el Oficial de Dotaci\u00f3n Adri\u00e1n Guevara y a Comandante General el comandante mayor Marcelo Menchaca 2\u00b0 Jefe del Cuerpo Activo.<\/p>\n","protected":false},"excerpt":{"rendered":"<p>Fue en la tarde de este s\u00e1bado. Se hizo entrega de distinciones y ascensos dentro del cuerpo activo.<\/p>\n","protected":false},"author":6,"featured_media":56572,"comment_status":"closed","ping_status":"closed","sticky":false,"template":"","format":"standard","meta":{"_jetpack_memberships_contains_paid_content":false,"footnotes":""},"categories":[5,1],"tags":[],"class_list":["post-56567","post","type-post","status-publish","format-standard","has-post-thumbnail","hentry","category-informacion-general","category-portada"],"jetpack_featured_media_url":"https:\/\/i0.wp.com\/cdnoticias.com\/wp-content\/uploads\/2022\/06\/MG_1536-scaled.jpg?fit=2560%2C1707&ssl=1","jetpack_sharing_enabled":true,"_links":{"self":[{"href":"https:\/\/cdnoticias.com\/index.php\/wp-json\/wp\/v2\/posts\/56567","targetHints":{"allow":["GET"]}}],"collection":[{"href":"https:\/\/cdnoticias.com\/index.php\/wp-json\/wp\/v2\/posts"}],"about":[{"href":"https:\/\/cdnoticias.com\/index.php\/wp-json\/wp\/v2\/types\/post"}],"author":[{"embeddable":true,"href":"https:\/\/cdnoticias.com\/index.php\/wp-json\/wp\/v2\/users\/6"}],"replies":[{"embeddable":true,"href":"https:\/\/cdnoticias.com\/index.php\/wp-json\/wp\/v2\/comments?post=56567"}],"version-history":[{"count":0,"href":"https:\/\/cdnoticias.com\/index.php\/wp-json\/wp\/v2\/posts\/56567\/revisions"}],"wp:featuredmedia":[{"embeddable":true,"href":"https:\/\/cdnoticias.com\/index.php\/wp-json\/wp\/v2\/media\/56572"}],"wp:attachment":[{"href":"https:\/\/cdnoticias.com\/index.php\/wp-json\/wp\/v2\/media?parent=56567"}],"wp:term":[{"taxonomy":"category","embeddable":true,"href":"https:\/\/cdnoticias.com\/index.php\/wp-json\/wp\/v2\/categories?post=56567"},{"taxonomy":"post_tag","embeddable":true,"href":"https:\/\/cdnoticias.com\/index.php\/wp-json\/wp\/v2\/tags?post=56567"}],"curies":[{"name":"wp","href":"https:\/\/api.w.org\/{rel}","templated":true}]}}