{"id":56543,"date":"2022-06-05T12:45:55","date_gmt":"2022-06-05T15:45:55","guid":{"rendered":"https:\/\/www.centraldenoticias.com.ar\/?p=56543"},"modified":"2022-06-05T12:45:55","modified_gmt":"2022-06-05T15:45:55","slug":"lesiones-leves-tras-un-vuelco-en-la-avenida-eva-peron","status":"publish","type":"post","link":"https:\/\/cdnoticias.com\/index.php\/2022\/06\/05\/lesiones-leves-tras-un-vuelco-en-la-avenida-eva-peron\/","title":{"rendered":"Lesiones leves tras un vuelco en la avenida Eva Per\u00f3n"},"content":{"rendered":"<p>Ocurri\u00f3 este domingo poco despu\u00e9s de la medianoche. El conductor de un Ford Focus recibi\u00f3 atenci\u00f3n m\u00e9dica.<!--more--><\/p>\n<hr \/>\n<p><a href=\"https:\/\/cdnoticias.com\/index.php\/2022\/06\/05\/se-choco-un-poste-y-la-alcoholemia-le-dio-positiva\/\" target=\"_blank\" rel=\"noopener\">Otro siniestro vial se registr\u00f3 en Olavarr\u00eda durante este domingo<\/a>. En este caso, se pudo saber que <strong>ocurri\u00f3 pasada la medianoche en cercan\u00edas del Centro de Exposiciones Municipal (CEMO)<\/strong>.<\/p>\n<p>&nbsp;<\/p>\n<p>Hasta el lugar acudieron polic\u00edas del Comando de Patrullas y del \u00e1rea de Tr\u00e1nsito municipal que constataron que <strong>un Ford Focus hab\u00eda volcado en la avenida Per\u00f3n a la altura del 1500<\/strong>, frente a dicho predio municipal.<\/p>\n<p>&nbsp;<\/p>\n<p>Se detall\u00f3 que<strong> el conductor sufri\u00f3 lesiones de car\u00e1cter leve<\/strong>. Hasta el lugar del siniestro fue convocada una ambulancia.<\/p>\n<p>&nbsp;<\/p>\n<p>Asimismo, se pudo saber que el conductor<strong> fue sometido a una prueba de alcoholemia cuyo resultado fue negativo<\/strong>.<\/p>\n<p>&nbsp;<\/p>\n","protected":false},"excerpt":{"rendered":"<p>Ocurri\u00f3 este domingo poco despu\u00e9s de la medianoche. El conductor de un Ford Focus recibi\u00f3 atenci\u00f3n m\u00e9dica.<\/p>\n","protected":false},"author":4,"featured_media":56544,"comment_status":"closed","ping_status":"closed","sticky":false,"template":"","format":"standard","meta":{"_jetpack_memberships_contains_paid_content":false,"footnotes":""},"categories":[14,1],"tags":[],"class_list":["post-56543","post","type-post","status-publish","format-standard","has-post-thumbnail","hentry","category-policiales","category-portada"],"jetpack_featured_media_url":"https:\/\/i0.wp.com\/cdnoticias.com\/wp-content\/uploads\/2022\/06\/choque-cemo-00.jpg?fit=800%2C445&ssl=1","jetpack_sharing_enabled":true,"_links":{"self":[{"href":"https:\/\/cdnoticias.com\/index.php\/wp-json\/wp\/v2\/posts\/56543","targetHints":{"allow":["GET"]}}],"collection":[{"href":"https:\/\/cdnoticias.com\/index.php\/wp-json\/wp\/v2\/posts"}],"about":[{"href":"https:\/\/cdnoticias.com\/index.php\/wp-json\/wp\/v2\/types\/post"}],"author":[{"embeddable":true,"href":"https:\/\/cdnoticias.com\/index.php\/wp-json\/wp\/v2\/users\/4"}],"replies":[{"embeddable":true,"href":"https:\/\/cdnoticias.com\/index.php\/wp-json\/wp\/v2\/comments?post=56543"}],"version-history":[{"count":0,"href":"https:\/\/cdnoticias.com\/index.php\/wp-json\/wp\/v2\/posts\/56543\/revisions"}],"wp:featuredmedia":[{"embeddable":true,"href":"https:\/\/cdnoticias.com\/index.php\/wp-json\/wp\/v2\/media\/56544"}],"wp:attachment":[{"href":"https:\/\/cdnoticias.com\/index.php\/wp-json\/wp\/v2\/media?parent=56543"}],"wp:term":[{"taxonomy":"category","embeddable":true,"href":"https:\/\/cdnoticias.com\/index.php\/wp-json\/wp\/v2\/categories?post=56543"},{"taxonomy":"post_tag","embeddable":true,"href":"https:\/\/cdnoticias.com\/index.php\/wp-json\/wp\/v2\/tags?post=56543"}],"curies":[{"name":"wp","href":"https:\/\/api.w.org\/{rel}","templated":true}]}}