{"id":56526,"date":"2022-06-05T11:01:03","date_gmt":"2022-06-05T14:01:03","guid":{"rendered":"https:\/\/www.centraldenoticias.com.ar\/?p=56526"},"modified":"2022-06-05T12:13:59","modified_gmt":"2022-06-05T15:13:59","slug":"el-municipio-salio-a-pedir-por-la-ley-de-zona-fria-para-usuarios-de-garrafa","status":"publish","type":"post","link":"https:\/\/cdnoticias.com\/index.php\/2022\/06\/05\/el-municipio-salio-a-pedir-por-la-ley-de-zona-fria-para-usuarios-de-garrafa\/","title":{"rendered":"El Municipio sali\u00f3 a pedir por la ley de \u201cZona Fr\u00eda\u201d para usuarios de garrafa"},"content":{"rendered":"<p>Apunt\u00f3 contra la Provincia por \u201cdemora en la reglamentaci\u00f3n\u201d. Tambi\u00e9n se refiri\u00f3 a los umbrales de consumo.<!--more--><\/p>\n<hr \/>\n<p><strong>Desde el Municipio se difundieron declaraciones de la directora de Defensa al Consumidor, Andrea Imbrogno<\/strong>, en las que se refiri\u00f3 a la necesidad de <em>\u201cavanzar con la reglamentaci\u00f3n de la ley de zona fr\u00eda en el partido de Olavarr\u00eda\u201d<\/em>.<\/p>\n<p>&nbsp;<\/p>\n<blockquote><p>\u201cEn la participaci\u00f3n en las audiencias p\u00fablicas se ha reiterado que nuestro municipio a\u00fan no ha alcanzado los beneficios de otras ciudades que con iguales temperaturas tienen una tarifa menor y una mayor capacidad de consumo\u201d sostuvo la funcionaria.<\/p><\/blockquote>\n<p>&nbsp;<\/p>\n<p>En este sentido, Imbrogno explic\u00f3 que \u201chay dos<strong> temas sensibles que afectan directamente la econom\u00eda de los ciudadanos y por sobre todo la calidad de vida<\/strong>: el primero es la demora de la Provincia de Buenos Aires en la reglamentaci\u00f3n de la ley de zona fr\u00eda para los usuarios de gas envasado que provoca que los usuarios de garrafas no est\u00e9n accediendo a los descuentos en la compra de gas\u201d.<\/p>\n<p>&nbsp;<\/p>\n<p>Al respecto, desde la Direcci\u00f3n de Defensa al Consumidor detallaron que el reclamo se viene realizando desde principio de a\u00f1o mediante <strong>un escrito conjunto con los organismos de otros municipios pertenecientes a la zona fr\u00eda<\/strong>, dirigido a la secretaria de Energ\u00eda de la Naci\u00f3n y la Subsecretaria de la Provincia sin obtener precisiones acerca de cu\u00e1ndo y c\u00f3mo se implementar\u00e1 el <strong>acceso de este beneficio a los usuarios de gas envasado<\/strong>.<\/p>\n<p>&nbsp;<\/p>\n<blockquote><p>Por otra Parte, Andrea Imbrogno indic\u00f3 que \u201cel otro tema que nos preocupa es la ampliaci\u00f3n de los umbrales de consumo en la categorizaci\u00f3n de los usuarios. Tal como lo venimos manifestando en todas las Audiencias P\u00fablicas, los beneficios de la reducci\u00f3n del 30% al 50% de las tarifas se diluye si no se ampl\u00edan los metros de consumo que categorizan a los usuarios\u201d.<\/p><\/blockquote>\n<p>&nbsp;<\/p>\n<p>\u201cEn nuestro partido <strong>un usuario categor\u00eda 3.3 tiene un rango de consumo de 1800 y 2200 metros c\u00fabicos<\/strong> mientras que, en otras localidades con igual realidad clim\u00e1tica, como <strong>Carmen de Patagones o Viedma, la misma categor\u00eda tiene un umbral de 4101 a 4900 metros c\u00fabicos<\/strong>\u201d, a\u00f1adi\u00f3.<\/p>\n<p>&nbsp;<\/p>\n<p>Finalmente, la funcionaria municipal remarc\u00f3 que \u201cdesde la gesti\u00f3n del intendente Ezequiel Galli se viene realizando un esfuerzo para <strong>facilitar el acceso a los servicios p\u00fablicos<\/strong>, en tanto son un medio para construir sociedades sostenibles, equitativas y democr\u00e1ticas\u201d.<\/p>\n","protected":false},"excerpt":{"rendered":"<p>Apunt\u00f3 contra la Provincia por \u201cdemora en la reglamentaci\u00f3n\u201d. Tambi\u00e9n se refiri\u00f3 a los umbrales de consumo.<\/p>\n","protected":false},"author":4,"featured_media":23856,"comment_status":"closed","ping_status":"closed","sticky":false,"template":"","format":"standard","meta":{"_jetpack_memberships_contains_paid_content":false,"footnotes":""},"categories":[5,1],"tags":[],"class_list":["post-56526","post","type-post","status-publish","format-standard","has-post-thumbnail","hentry","category-informacion-general","category-portada"],"jetpack_featured_media_url":"https:\/\/i0.wp.com\/cdnoticias.com\/wp-content\/uploads\/2021\/06\/Defensa-Consumidor-1024x682.jpg?fit=1024%2C682&ssl=1","jetpack_sharing_enabled":true,"_links":{"self":[{"href":"https:\/\/cdnoticias.com\/index.php\/wp-json\/wp\/v2\/posts\/56526","targetHints":{"allow":["GET"]}}],"collection":[{"href":"https:\/\/cdnoticias.com\/index.php\/wp-json\/wp\/v2\/posts"}],"about":[{"href":"https:\/\/cdnoticias.com\/index.php\/wp-json\/wp\/v2\/types\/post"}],"author":[{"embeddable":true,"href":"https:\/\/cdnoticias.com\/index.php\/wp-json\/wp\/v2\/users\/4"}],"replies":[{"embeddable":true,"href":"https:\/\/cdnoticias.com\/index.php\/wp-json\/wp\/v2\/comments?post=56526"}],"version-history":[{"count":0,"href":"https:\/\/cdnoticias.com\/index.php\/wp-json\/wp\/v2\/posts\/56526\/revisions"}],"wp:featuredmedia":[{"embeddable":true,"href":"https:\/\/cdnoticias.com\/index.php\/wp-json\/wp\/v2\/media\/23856"}],"wp:attachment":[{"href":"https:\/\/cdnoticias.com\/index.php\/wp-json\/wp\/v2\/media?parent=56526"}],"wp:term":[{"taxonomy":"category","embeddable":true,"href":"https:\/\/cdnoticias.com\/index.php\/wp-json\/wp\/v2\/categories?post=56526"},{"taxonomy":"post_tag","embeddable":true,"href":"https:\/\/cdnoticias.com\/index.php\/wp-json\/wp\/v2\/tags?post=56526"}],"curies":[{"name":"wp","href":"https:\/\/api.w.org\/{rel}","templated":true}]}}