{"id":56519,"date":"2022-06-04T20:50:37","date_gmt":"2022-06-04T23:50:37","guid":{"rendered":"https:\/\/www.centraldenoticias.com.ar\/?p=56519"},"modified":"2022-06-04T20:50:37","modified_gmt":"2022-06-04T23:50:37","slug":"alberto-echo-a-kulfas-por-una-operacion-de-prensa-contra-cristina-kirchner","status":"publish","type":"post","link":"https:\/\/cdnoticias.com\/index.php\/2022\/06\/04\/alberto-echo-a-kulfas-por-una-operacion-de-prensa-contra-cristina-kirchner\/","title":{"rendered":"Alberto ech\u00f3 a Kulfas por una operaci\u00f3n de prensa contra Cristina Kirchner"},"content":{"rendered":"<div class=\"td_block_wrap tdb_single_subtitle tdi_72 td-pb-border-top td_block_template_1\" data-td-block-uid=\"tdi_72\">\n<div class=\"tdb-block-inner td-fix-index\">\n<p>El presidente tom\u00f3 la medida tras las cr\u00edticas de Cristina Kirchner, quien acus\u00f3 al ministro de Producci\u00f3n de armar operaciones de prensa en su contra.<\/p>\n<\/div>\n<\/div>\n<p><!--more--><\/p>\n<hr \/>\n<div class=\"td_block_wrap tdb_single_date tdi_73 td-pb-border-top td_block_template_1 tdb-post-meta\" data-td-block-uid=\"tdi_73\"><\/div>\n<div data-td-block-uid=\"tdi_73\">\n<p>El <strong>presidente Alberto Fern\u00e1ndez<\/strong> le pidi\u00f3 este s\u00e1bado <strong>la renuncia al ministro de Desarrollo Productivo, Mat\u00edas Kulfas.<\/strong> La solicitud lleg\u00f3 luego de que desde el \u00e1rea de Energ\u00eda acusaran a funcionarios de la cartera de hacer <strong>operaciones de prensa contra la vicepresidenta Cristina Fern\u00e1ndez de Kirchner.<\/strong><\/p>\n<p>&nbsp;<\/p>\n<p>M\u00e1s temprano, la<strong> vicepresidenta difundi\u00f3 un comunicado<\/strong> que asegura que desde el <strong>Ministerio de Producci\u00f3n<\/strong> se reparti\u00f3 una \u201crespuesta\u201d a sus dichos, dirigida a varios periodistas, en la que se informa que \u201cla lapicera la tienen que usar los funcionarios de Cristina, que fijaron las condiciones para darle la construcci\u00f3n de las ca\u00f1er\u00edas del gasoducto de Vaca Muerta a Techint\u201d.<\/p>\n<p>&nbsp;<\/p>\n<p>Ante esta situaci\u00f3n, la tambi\u00e9n titular del Senado respondi\u00f3: <em><strong>\u201cMuy injusto y, sobre todo, muy doloroso que este tipo de ataques lo ejecuten funcionarios del propio gobierno del Frente de Todos. Lo peor de todo: sin dar la cara, en off, mintiendo y utilizando periodistas. Con errores y aciertos, siempre habl\u00e9 y actu\u00e9 de frente. Penoso\u201d.<\/strong><\/em><\/p>\n<p>&nbsp;<\/p>\n<p>Por su parte, <strong>Alberto Fern\u00e1ndez dijo compartir el malestar<\/strong> expresado por la vicepresidenta y expres\u00f3: \u201cComparto la respuesta dada por Energ\u00eda Argentina a una publicaci\u00f3n fundada en un supuesto off salido de funcionarios del Gobierno. Conf\u00edo en la integridad moral y en la idoneidad de quienes llevan adelante la licitaci\u00f3n del Gasoducto N\u00e9stor Kirchner\u201d.<\/p>\n<p>&nbsp;<\/p>\n<p>\u201c<em><strong>Es \u00e9ticamente reprochable hablar en off en desmedro de otro. As\u00ed siempre lo he expresado p\u00fablicamente. No avalo esos procederes y comparto el malestar expresado por Cristina Fern\u00e1ndez de Kirchner<\/strong><\/em>. El debate que debamos dar, d\u00e9moslo con responsabilidad\u201d, agreg\u00f3.<\/p>\n<p>&nbsp;<\/p>\n<p><strong>El comunicado que atribuyen al Ministerio de Producci\u00f3n<\/strong><\/p>\n<p>&nbsp;<\/p>\n<p>Seg\u00fan asegur\u00f3 el comunicado de los funcionarios cercanos al kirchnerismo, el <strong>Ministerio de Producci\u00f3n difundi\u00f3 un mensaje en off a distintos periodistas<\/strong> con una respuesta directa a las palabras pronunciadas por la expresidenta en el acto por los cien a\u00f1os de YPF cuando le dijo a Alberto Fern\u00e1ndez: <strong>\u201cVos que ten\u00e9s lapicera, te pido que la uses con los que tienen que darle cosas al pa\u00eds\u201d.<\/strong><\/p>\n<p>&nbsp;<\/p>\n<p>\u201cInformaci\u00f3n en OFF. La lapicera la tienen que usar los funcionarios de Cristina, que fijaron las condiciones para darle la construcci\u00f3n de las ca\u00f1er\u00edas del gasoducto de Vaca Muerta a Techint. Es Integraci\u00f3n Energ\u00e9tica Argentina (IASA), con funcionarios designados por ella, quienes hacen las licitaciones. Los que no usaron la lapicera como corresponde fueron sus funcionarios de Ieasa. Ellos armaron un pliego de licitaci\u00f3n a la medida de Techint y de la chapa que el grupo fabrica en Brasil, de 33 mm de espesor. Si en lugar de poner esa especificaci\u00f3n hubieran puesto 31mm, como son los gasoductos en Europa, se podr\u00eda haber provisto ca\u00f1os desde otra firma que produce en Villa Constituci\u00f3n (Laminados industriales SA). La secretar\u00eda de Industria deb\u00eda intervenir m\u00e1s activamente en el tema pero el presidente de Iesa, Agust\u00edn Gerez, dijo que si no respond\u00edan en el acto se le ca\u00eda la licitaci\u00f3n y no llegaban con los tiempos. Y tambi\u00e9n adjudicaron la provisi\u00f3n de v\u00e1lvulas a una empresa importadora en lugar de un fabricante argentino que ofrec\u00eda precios y condiciones similares, incumpliendo el compre nacional. En definitiva, los que est\u00e1n usando incorrectamente la lapicera son los funcionarios de Cristina.\u201d<\/p>\n<p>&nbsp;<\/p>\n<p>Concentrando sus cr\u00edticas en los funcionarios de Producci\u00f3n, Energ\u00eda Argentina consider\u00f3 que \u201cesta vez, el periodismo actu\u00f3 correctamente consignando que se trataba de una informaci\u00f3n en off difundida desde el Poder Ejecutivo y encomillando los textuales que aparecen en sendas notas de Infobae y La Naci\u00f3n\u201d.<\/p>\n<p>&nbsp;<\/p>\n<p><strong>Respuestas a las acusaciones<\/strong><\/p>\n<p>&nbsp;<\/p>\n<p>Despu\u00e9s de reproducir las declaraciones en off que aseguran que surgieron del <strong>Ministerio dirigido por Mat\u00edas Kulfas,<\/strong> <strong>Energ\u00eda Argentina responde puntualmente cada una de las \u201cacusaciones<\/strong>\u201d. En lo referido a la adquisici\u00f3n de ca\u00f1os, aseguraron que es un tema \u201cestrictamente normativo que est\u00e1 establecido en la NAG-100 (Parte C- Secci\u00f3n 105). Una condici\u00f3n previa para proceder a definir los espesores necesarios, es determinar la clase de trazado del gasoducto, cuesti\u00f3n que nos remite a la parte a de la Nag 100, Secci\u00f3n 5. La nota carece de conocimiento t\u00e9cnico y m\u00e1s precisamente del proceso licitatorio llevado adelante\u201d.<\/p>\n<p>&nbsp;<\/p>\n<p>Agregaron que \u201cprevio a iniciar el proceso licitatorio, Energ\u00eda Argentina procedi\u00f3 a solicitar a la C\u00e1mara Argentina de Fabricantes de Ca\u00f1os y Tubos de acero que indicara qu\u00e9 empresas podr\u00e1n cumplir con los requisitos t\u00e9cnicos. La respuesta fue que solo SIAT S.A. cumpl\u00eda. Pese a esto, se realiz\u00f3 un proceso licitatorio internacional para convocar a empresas extranjeras. Hubo consultas realizadas por seis empresas pero luego solo SIAT S.A. present\u00f3 oferta\u201d.<\/p>\n<p>&nbsp;<\/p>\n<p>Sobre la adquisici\u00f3n de v\u00e1lvulas, dijeron que \u201ceste punto no merece mayores aclaraciones, ya que el proceso licitatorio GNK 01\/2022 para la adquisici\u00f3n de v\u00e1lvulas a\u00fan se encuentra abierto y el mismo ser\u00e1 declarado fracasado por parte de Energ\u00eda Argentina debido a que ninguna de las ofertas recibidas cumplen con los plazos de entrega solicitados. No s\u00f3lo es grave, sino muy penoso y sobre todas las cosas, incomprensible, que una obra de la magnitud e importancia para la Argentina y para el propio Gobierno, como lo es el gasoducto N\u00e9stor Kirchner, sea objeto de este tipo de acciones\u201d.<\/p>\n<p>&nbsp;<\/p>\n<p><em>Fuente: DIB<\/em><\/p>\n<\/div>\n","protected":false},"excerpt":{"rendered":"<p>El presidente tom\u00f3 la medida tras las cr\u00edticas de Cristina Kirchner, quien acus\u00f3 al ministro de Producci\u00f3n de armar operaciones<\/p>\n","protected":false},"author":6,"featured_media":56520,"comment_status":"closed","ping_status":"closed","sticky":false,"template":"","format":"standard","meta":{"_jetpack_memberships_contains_paid_content":false,"footnotes":""},"categories":[6],"tags":[],"class_list":["post-56519","post","type-post","status-publish","format-standard","has-post-thumbnail","hentry","category-nacionales"],"jetpack_featured_media_url":"https:\/\/i0.wp.com\/cdnoticias.com\/wp-content\/uploads\/2022\/06\/whatsapp_image_2021-09-21_at_2.59.52_pm.jpeg?fit=1600%2C1066&ssl=1","jetpack_sharing_enabled":true,"_links":{"self":[{"href":"https:\/\/cdnoticias.com\/index.php\/wp-json\/wp\/v2\/posts\/56519","targetHints":{"allow":["GET"]}}],"collection":[{"href":"https:\/\/cdnoticias.com\/index.php\/wp-json\/wp\/v2\/posts"}],"about":[{"href":"https:\/\/cdnoticias.com\/index.php\/wp-json\/wp\/v2\/types\/post"}],"author":[{"embeddable":true,"href":"https:\/\/cdnoticias.com\/index.php\/wp-json\/wp\/v2\/users\/6"}],"replies":[{"embeddable":true,"href":"https:\/\/cdnoticias.com\/index.php\/wp-json\/wp\/v2\/comments?post=56519"}],"version-history":[{"count":0,"href":"https:\/\/cdnoticias.com\/index.php\/wp-json\/wp\/v2\/posts\/56519\/revisions"}],"wp:featuredmedia":[{"embeddable":true,"href":"https:\/\/cdnoticias.com\/index.php\/wp-json\/wp\/v2\/media\/56520"}],"wp:attachment":[{"href":"https:\/\/cdnoticias.com\/index.php\/wp-json\/wp\/v2\/media?parent=56519"}],"wp:term":[{"taxonomy":"category","embeddable":true,"href":"https:\/\/cdnoticias.com\/index.php\/wp-json\/wp\/v2\/categories?post=56519"},{"taxonomy":"post_tag","embeddable":true,"href":"https:\/\/cdnoticias.com\/index.php\/wp-json\/wp\/v2\/tags?post=56519"}],"curies":[{"name":"wp","href":"https:\/\/api.w.org\/{rel}","templated":true}]}}