{"id":56501,"date":"2022-06-10T08:29:31","date_gmt":"2022-06-10T11:29:31","guid":{"rendered":"https:\/\/www.centraldenoticias.com.ar\/?p=56501"},"modified":"2022-06-10T08:38:53","modified_gmt":"2022-06-10T11:38:53","slug":"nueva-muestra-en-el-centro-cultural-san-jose","status":"publish","type":"post","link":"https:\/\/cdnoticias.com\/index.php\/2022\/06\/10\/nueva-muestra-en-el-centro-cultural-san-jose\/","title":{"rendered":"Nueva muestra en el Centro Cultural \u201cSan Jos\u00e9\u201d"},"content":{"rendered":"<p>La propuesta de los artistas locales quedar\u00e1 inaugurada el s\u00e1bado 11 de junio. <!--more--><\/p>\n<hr \/>\n<p>&nbsp;<\/p>\n<p>El <strong>Centro Cultural Municipal \u201cSan Jos\u00e9<\/strong>\u201d se encuentra trabajando en la nueva muestra que contar\u00e1 con las <strong>obras de dos reconocidos artistas locales.<\/strong> Se trata de \u201cEsencial Invisible\u201d de <strong>Carlos Villanueva<\/strong> y \u201cBanquete\u201d de <strong>Soledad Rolleri.<\/strong><\/p>\n<p>&nbsp;<\/p>\n<p>Esta propuesta quedar\u00e1 inaugurada <strong>el s\u00e1bado 11 de junio a las 17:00<\/strong> y las obras estar\u00e1n expuestas en Salas 2, 3 y 4; mientras que la Sala 1 estar\u00e1 destinada a actividades l\u00fadicas y talleres en el marco de la muestra que permanecer\u00e1 hasta el 3 de julio.<\/p>\n<p>&nbsp;<\/p>\n<p><img data-recalc-dims=\"1\" loading=\"lazy\" decoding=\"async\" class=\"wp-image-56980 aligncenter\" src=\"https:\/\/i0.wp.com\/cdnoticias.com\/wp-content\/uploads\/2022\/06\/centro-cultural-san-jose-rolleri-villanueva.jpg?resize=450%2C450&#038;ssl=1\" alt=\"\" width=\"450\" height=\"450\" srcset=\"https:\/\/i0.wp.com\/cdnoticias.com\/wp-content\/uploads\/2022\/06\/centro-cultural-san-jose-rolleri-villanueva.jpg?resize=1024%2C1024&amp;ssl=1 1024w, https:\/\/i0.wp.com\/cdnoticias.com\/wp-content\/uploads\/2022\/06\/centro-cultural-san-jose-rolleri-villanueva.jpg?resize=300%2C300&amp;ssl=1 300w, https:\/\/i0.wp.com\/cdnoticias.com\/wp-content\/uploads\/2022\/06\/centro-cultural-san-jose-rolleri-villanueva.jpg?resize=150%2C150&amp;ssl=1 150w, https:\/\/i0.wp.com\/cdnoticias.com\/wp-content\/uploads\/2022\/06\/centro-cultural-san-jose-rolleri-villanueva.jpg?resize=768%2C768&amp;ssl=1 768w, https:\/\/i0.wp.com\/cdnoticias.com\/wp-content\/uploads\/2022\/06\/centro-cultural-san-jose-rolleri-villanueva.jpg?w=1204&amp;ssl=1 1204w\" sizes=\"auto, (max-width: 450px) 100vw, 450px\" \/><\/p>\n<p>&nbsp;<\/p>\n<p><strong>Carlos Villanueva <\/strong>es abogado y artista pl\u00e1stico. Asisti\u00f3 a cl\u00ednicas de obra y a los talleres de Silvio Oliva Drys (Azul), Benjam\u00edn Aitala (Olavarr\u00eda) y Daniel Fitte (Sierras Bayas). Seleccionado en distintos salones regionales y nacionales. Ha expuesto en muestras colectivas e individuales. Vive y trabaja en Olavarr\u00eda.<\/p>\n<p>&nbsp;<\/p>\n<p><strong>Soledad Rolleri<\/strong> es artista local y docente en la Universidad Nacional del Centro. Estudi\u00f3 Dise\u00f1o Gr\u00e1fico en FADU-UBA y realiz\u00f3 talleres de pintura con Daniel Fitte y con Benjamin Aitala. Desde 2013 y hasta 2017 participa de talleres y cl\u00ednicas de obra con Diana Aisenberg. Fue seleccionada para participar de distintas residencias y programas de formaci\u00f3n de artistas en Argentina y Uruguay. Sus obras han sido premiadas y distinguidas en distintos \u00e1mbitos de la cultura.<\/p>\n","protected":false},"excerpt":{"rendered":"<p>La propuesta de los artistas locales quedar\u00e1 inaugurada el s\u00e1bado 11 de junio.<\/p>\n","protected":false},"author":6,"featured_media":50365,"comment_status":"closed","ping_status":"closed","sticky":false,"template":"","format":"standard","meta":{"_jetpack_memberships_contains_paid_content":false,"footnotes":""},"categories":[9,1],"tags":[],"class_list":["post-56501","post","type-post","status-publish","format-standard","has-post-thumbnail","hentry","category-cultura","category-portada"],"jetpack_featured_media_url":"https:\/\/i0.wp.com\/cdnoticias.com\/wp-content\/uploads\/2022\/03\/Centro-Cultural-San-Jose-Drone.jpg?fit=800%2C445&ssl=1","jetpack_sharing_enabled":true,"_links":{"self":[{"href":"https:\/\/cdnoticias.com\/index.php\/wp-json\/wp\/v2\/posts\/56501","targetHints":{"allow":["GET"]}}],"collection":[{"href":"https:\/\/cdnoticias.com\/index.php\/wp-json\/wp\/v2\/posts"}],"about":[{"href":"https:\/\/cdnoticias.com\/index.php\/wp-json\/wp\/v2\/types\/post"}],"author":[{"embeddable":true,"href":"https:\/\/cdnoticias.com\/index.php\/wp-json\/wp\/v2\/users\/6"}],"replies":[{"embeddable":true,"href":"https:\/\/cdnoticias.com\/index.php\/wp-json\/wp\/v2\/comments?post=56501"}],"version-history":[{"count":0,"href":"https:\/\/cdnoticias.com\/index.php\/wp-json\/wp\/v2\/posts\/56501\/revisions"}],"wp:featuredmedia":[{"embeddable":true,"href":"https:\/\/cdnoticias.com\/index.php\/wp-json\/wp\/v2\/media\/50365"}],"wp:attachment":[{"href":"https:\/\/cdnoticias.com\/index.php\/wp-json\/wp\/v2\/media?parent=56501"}],"wp:term":[{"taxonomy":"category","embeddable":true,"href":"https:\/\/cdnoticias.com\/index.php\/wp-json\/wp\/v2\/categories?post=56501"},{"taxonomy":"post_tag","embeddable":true,"href":"https:\/\/cdnoticias.com\/index.php\/wp-json\/wp\/v2\/tags?post=56501"}],"curies":[{"name":"wp","href":"https:\/\/api.w.org\/{rel}","templated":true}]}}