{"id":56457,"date":"2022-06-05T09:42:04","date_gmt":"2022-06-05T12:42:04","guid":{"rendered":"https:\/\/www.centraldenoticias.com.ar\/?p=56457"},"modified":"2022-06-05T09:42:04","modified_gmt":"2022-06-05T12:42:04","slug":"encuentro-sobre-financiamiento-y-apoyo-para-pymes-locales","status":"publish","type":"post","link":"https:\/\/cdnoticias.com\/index.php\/2022\/06\/05\/encuentro-sobre-financiamiento-y-apoyo-para-pymes-locales\/","title":{"rendered":"Encuentro sobre financiamiento y apoyo para PyMes locales"},"content":{"rendered":"<p>Se har\u00e1 el lunes. Organizan: Ministerio de Desarrollo Productivo de Naci\u00f3n, Uni\u00f3n Industrial, PIO y la Subsecretar\u00eda de Miner\u00eda Bonaerense.<!--more--><\/p>\n<hr \/>\n<p><strong>El ciclo de charlas \u00abAgenda Federal PYME\u00bb tendr\u00e1 lugar en Olavarr\u00eda el pr\u00f3ximo lunes<\/strong>. Organizado por el Ministerio de Desarrollo Productivo de Naci\u00f3n en coordinaci\u00f3n con la Uni\u00f3n Industrial, PIO y la Subsecretar\u00eda de Miner\u00eda Bonaerense.<\/p>\n<p>&nbsp;<\/p>\n<p>Este lunes se llevar\u00e1 a cabo, en el marco de la <strong>Agenda Federal Pyme<\/strong>, un encuentro que <strong>tendr\u00e1 como objetivo presentar las l\u00edneas y programas de financiamiento<\/strong> de la Secretar\u00eda de la Peque\u00f1a y Mediana Empresa y de los Emprendedores de la Naci\u00f3n para el desarrollo productivo.<\/p>\n<p>&nbsp;<\/p>\n<p><img data-recalc-dims=\"1\" loading=\"lazy\" decoding=\"async\" class=\"aligncenter wp-image-56458\" src=\"https:\/\/i0.wp.com\/cdnoticias.com\/wp-content\/uploads\/2022\/06\/agenda-federal-pyme-01.jpg?resize=450%2C449&#038;ssl=1\" alt=\"\" width=\"450\" height=\"449\" srcset=\"https:\/\/i0.wp.com\/cdnoticias.com\/wp-content\/uploads\/2022\/06\/agenda-federal-pyme-01.jpg?w=800&amp;ssl=1 800w, https:\/\/i0.wp.com\/cdnoticias.com\/wp-content\/uploads\/2022\/06\/agenda-federal-pyme-01.jpg?resize=300%2C300&amp;ssl=1 300w, https:\/\/i0.wp.com\/cdnoticias.com\/wp-content\/uploads\/2022\/06\/agenda-federal-pyme-01.jpg?resize=150%2C150&amp;ssl=1 150w, https:\/\/i0.wp.com\/cdnoticias.com\/wp-content\/uploads\/2022\/06\/agenda-federal-pyme-01.jpg?resize=768%2C766&amp;ssl=1 768w\" sizes=\"auto, (max-width: 450px) 100vw, 450px\" \/><\/p>\n<p>&nbsp;<\/p>\n<p>El evento estar\u00e1 <strong>dirigido a empresarios Pymes<\/strong> con la finalidad de exhibir las herramientas de financiamiento disponibles.<\/p>\n<p>&nbsp;<\/p>\n<p>La actividad se realizar\u00e1 el pr\u00f3ximo 6 de junio a las 13:30, <strong>en la Sociedad de Fomento Mariano Moreno (Sarmiento 3093)<\/strong>. Las personas interesadas podr\u00e1n realizar consultas e inscribirse al 2284 382284.<\/p>\n","protected":false},"excerpt":{"rendered":"<p>Se har\u00e1 el lunes. Organizan: Ministerio de Desarrollo Productivo de Naci\u00f3n, Uni\u00f3n Industrial, PIO y la Subsecretar\u00eda de Miner\u00eda Bonaerense.<\/p>\n","protected":false},"author":4,"featured_media":56459,"comment_status":"closed","ping_status":"closed","sticky":false,"template":"","format":"standard","meta":{"_jetpack_memberships_contains_paid_content":false,"footnotes":""},"categories":[5,1],"tags":[],"class_list":["post-56457","post","type-post","status-publish","format-standard","has-post-thumbnail","hentry","category-informacion-general","category-portada"],"jetpack_featured_media_url":"https:\/\/i0.wp.com\/cdnoticias.com\/wp-content\/uploads\/2022\/06\/agenda-federal-pyme-00.jpg?fit=800%2C445&ssl=1","jetpack_sharing_enabled":true,"_links":{"self":[{"href":"https:\/\/cdnoticias.com\/index.php\/wp-json\/wp\/v2\/posts\/56457","targetHints":{"allow":["GET"]}}],"collection":[{"href":"https:\/\/cdnoticias.com\/index.php\/wp-json\/wp\/v2\/posts"}],"about":[{"href":"https:\/\/cdnoticias.com\/index.php\/wp-json\/wp\/v2\/types\/post"}],"author":[{"embeddable":true,"href":"https:\/\/cdnoticias.com\/index.php\/wp-json\/wp\/v2\/users\/4"}],"replies":[{"embeddable":true,"href":"https:\/\/cdnoticias.com\/index.php\/wp-json\/wp\/v2\/comments?post=56457"}],"version-history":[{"count":0,"href":"https:\/\/cdnoticias.com\/index.php\/wp-json\/wp\/v2\/posts\/56457\/revisions"}],"wp:featuredmedia":[{"embeddable":true,"href":"https:\/\/cdnoticias.com\/index.php\/wp-json\/wp\/v2\/media\/56459"}],"wp:attachment":[{"href":"https:\/\/cdnoticias.com\/index.php\/wp-json\/wp\/v2\/media?parent=56457"}],"wp:term":[{"taxonomy":"category","embeddable":true,"href":"https:\/\/cdnoticias.com\/index.php\/wp-json\/wp\/v2\/categories?post=56457"},{"taxonomy":"post_tag","embeddable":true,"href":"https:\/\/cdnoticias.com\/index.php\/wp-json\/wp\/v2\/tags?post=56457"}],"curies":[{"name":"wp","href":"https:\/\/api.w.org\/{rel}","templated":true}]}}