{"id":5644,"date":"2020-11-04T18:56:28","date_gmt":"2020-11-04T21:56:28","guid":{"rendered":"http:\/\/www.centraldenoticias.com.ar\/?p=5644"},"modified":"2020-11-04T19:30:17","modified_gmt":"2020-11-04T22:30:17","slug":"busqueda-de-jonatan-los-rastrillajes-se-trasladaron-a-la-zona-de-la-fabrica-lamali","status":"publish","type":"post","link":"https:\/\/cdnoticias.com\/index.php\/2020\/11\/04\/busqueda-de-jonatan-los-rastrillajes-se-trasladaron-a-la-zona-de-la-fabrica-lamali\/","title":{"rendered":"B\u00fasqueda de Jonatan: Los rastrillajes se trasladaron a la zona de la F\u00e1brica L\u2019Amali"},"content":{"rendered":"<p>Durante la tarde de este mi\u00e9rcoles se realizaron nuevos operativos en la zona de predios rurales cercanos a la f\u00e1brica. Personal policial y familiares del joven desaparecido contin\u00faan en el lugar.<strong> Central de Noticias \u00fanico medio en el lugar.\u00a0<\/strong><!--more--><\/p>\n<hr \/>\n<p>Las tareas investigativas realizadas durante la tarde de este mi\u00e9rcoles son <strong>encabezadas por el jefe de la estaci\u00f3n de polic\u00eda departamental Olavarr\u00eda, Comisario Roberto Landoni.<\/strong><\/p>\n<p>&nbsp;<\/p>\n<p>Seg\u00fan pudo saber Central de Noticias, \u00fanico medio en el lugar, <strong>el operativo se dividi\u00f3 en dos equipos de trabajo para avanzar sobre espejos de agua de canteras abandonadas<\/strong>, en la zona de la f\u00e1brica L\u2019Amali, ubicada en la localidad de Loma Negra.<\/p>\n<p>&nbsp;<\/p>\n<p><img data-recalc-dims=\"1\" loading=\"lazy\" decoding=\"async\" class=\"alignnone size-large wp-image-5651\" src=\"https:\/\/i0.wp.com\/cdnoticias.com\/wp-content\/uploads\/2020\/11\/busquedamiercoles2.jpg?resize=800%2C600&#038;ssl=1\" alt=\"\" width=\"800\" height=\"600\" srcset=\"https:\/\/i0.wp.com\/cdnoticias.com\/wp-content\/uploads\/2020\/11\/busquedamiercoles2.jpg?resize=1024%2C768&amp;ssl=1 1024w, https:\/\/i0.wp.com\/cdnoticias.com\/wp-content\/uploads\/2020\/11\/busquedamiercoles2.jpg?resize=300%2C225&amp;ssl=1 300w, https:\/\/i0.wp.com\/cdnoticias.com\/wp-content\/uploads\/2020\/11\/busquedamiercoles2.jpg?resize=768%2C576&amp;ssl=1 768w, https:\/\/i0.wp.com\/cdnoticias.com\/wp-content\/uploads\/2020\/11\/busquedamiercoles2.jpg?w=1280&amp;ssl=1 1280w\" sizes=\"auto, (max-width: 800px) 100vw, 800px\" \/><\/p>\n<p>&nbsp;<\/p>\n<p>Adem\u00e1s, uno de los equipos se traslad\u00f3 al interior de un establecimiento rural privado conocido como \u201cCastillo de Errecart\u201d y se recorrieron zonas habitualmente frecuentadas por ciclistas.<\/p>\n<p>&nbsp;<\/p>\n<p><img data-recalc-dims=\"1\" loading=\"lazy\" decoding=\"async\" class=\"alignnone size-large wp-image-5652\" src=\"https:\/\/i0.wp.com\/cdnoticias.com\/wp-content\/uploads\/2020\/11\/busquedamiercoles3.jpg?resize=800%2C600&#038;ssl=1\" alt=\"\" width=\"800\" height=\"600\" srcset=\"https:\/\/i0.wp.com\/cdnoticias.com\/wp-content\/uploads\/2020\/11\/busquedamiercoles3.jpg?resize=1024%2C768&amp;ssl=1 1024w, https:\/\/i0.wp.com\/cdnoticias.com\/wp-content\/uploads\/2020\/11\/busquedamiercoles3.jpg?resize=300%2C225&amp;ssl=1 300w, https:\/\/i0.wp.com\/cdnoticias.com\/wp-content\/uploads\/2020\/11\/busquedamiercoles3.jpg?resize=768%2C576&amp;ssl=1 768w, https:\/\/i0.wp.com\/cdnoticias.com\/wp-content\/uploads\/2020\/11\/busquedamiercoles3.jpg?w=1280&amp;ssl=1 1280w\" sizes=\"auto, (max-width: 800px) 100vw, 800px\" \/><\/p>\n<p>&nbsp;<\/p>\n<p><img data-recalc-dims=\"1\" loading=\"lazy\" decoding=\"async\" class=\"alignnone size-large wp-image-5653\" src=\"https:\/\/i0.wp.com\/cdnoticias.com\/wp-content\/uploads\/2020\/11\/busquedamiercoles4.jpg?resize=800%2C600&#038;ssl=1\" alt=\"\" width=\"800\" height=\"600\" srcset=\"https:\/\/i0.wp.com\/cdnoticias.com\/wp-content\/uploads\/2020\/11\/busquedamiercoles4.jpg?resize=1024%2C768&amp;ssl=1 1024w, https:\/\/i0.wp.com\/cdnoticias.com\/wp-content\/uploads\/2020\/11\/busquedamiercoles4.jpg?resize=300%2C225&amp;ssl=1 300w, https:\/\/i0.wp.com\/cdnoticias.com\/wp-content\/uploads\/2020\/11\/busquedamiercoles4.jpg?resize=768%2C576&amp;ssl=1 768w, https:\/\/i0.wp.com\/cdnoticias.com\/wp-content\/uploads\/2020\/11\/busquedamiercoles4.jpg?w=1280&amp;ssl=1 1280w\" sizes=\"auto, (max-width: 800px) 100vw, 800px\" \/><\/p>\n<p>&nbsp;<\/p>\n<p><strong>Los rastrillajes a\u00fan no han finalizado<\/strong> y participan de las tareas familiares de Jonatan David Torres,\u00a0el joven <a href=\"https:\/\/cdnoticias.com\/index.php\/2020\/11\/02\/busqueda-de-jonatan-pedido-urgente-de-colaboracion-a-la-comunidad\/\" target=\"_blank\" rel=\"noopener\">desaparecido desde la tarde del domingo.<\/a><\/p>\n<p>&nbsp;<\/p>\n<p><img data-recalc-dims=\"1\" loading=\"lazy\" decoding=\"async\" class=\"alignnone size-large wp-image-5647\" src=\"https:\/\/i0.wp.com\/cdnoticias.com\/wp-content\/uploads\/2020\/11\/WhatsApp-Image-2020-11-04-at-15.17.06.jpeg?resize=800%2C298&#038;ssl=1\" alt=\"\" width=\"800\" height=\"298\" srcset=\"https:\/\/i0.wp.com\/cdnoticias.com\/wp-content\/uploads\/2020\/11\/WhatsApp-Image-2020-11-04-at-15.17.06.jpeg?resize=1024%2C381&amp;ssl=1 1024w, https:\/\/i0.wp.com\/cdnoticias.com\/wp-content\/uploads\/2020\/11\/WhatsApp-Image-2020-11-04-at-15.17.06.jpeg?resize=300%2C112&amp;ssl=1 300w, https:\/\/i0.wp.com\/cdnoticias.com\/wp-content\/uploads\/2020\/11\/WhatsApp-Image-2020-11-04-at-15.17.06.jpeg?resize=768%2C286&amp;ssl=1 768w, https:\/\/i0.wp.com\/cdnoticias.com\/wp-content\/uploads\/2020\/11\/WhatsApp-Image-2020-11-04-at-15.17.06.jpeg?w=1248&amp;ssl=1 1248w\" sizes=\"auto, (max-width: 800px) 100vw, 800px\" \/><\/p>\n<p>&nbsp;<\/p>\n<p><a href=\"https:\/\/cdnoticias.com\/index.php\/2020\/11\/04\/reanudan-la-busqueda-de-jonatan-en-canteras-de-las-localidades\/\" target=\"_blank\" rel=\"noopener\">Durante la ma\u00f1ana de este mi\u00e9rcoles las tareas centralizaron la b\u00fasqueda en la zona de la ruta provincial 51 en direcci\u00f3n a la localidad de Loma Negra<\/a>, y se fue profundizando con el correr de las horas hasta llegar, ahora, a la zona de la f\u00e1brica hom\u00f3nima.<\/p>\n<p>&nbsp;<\/p>\n<p>Toda esta zona es de dif\u00edcil acceso para el p\u00fablico en general, y suele ser utilizada por corredores y ciclistas que realizan actividad deportiva en el lugar.<\/p>\n<p>&nbsp;<\/p>\n<p>Se ruega que quien tenga alg\u00fan dato acerca del paradero del joven que lo acerque de inmediato a los investigadores, pudi\u00e9ndolo hacer al 2284558089,\u00a0<strong>al servicio de emergencias (911 o 419016\/17) o comunicarse con las dependencias policiales de la ciudad.<\/strong><\/p>\n","protected":false},"excerpt":{"rendered":"<p>Durante la tarde de este mi\u00e9rcoles se realizaron nuevos operativos en la zona de predios rurales cercanos a la f\u00e1brica.<\/p>\n","protected":false},"author":5,"featured_media":5654,"comment_status":"closed","ping_status":"closed","sticky":false,"template":"","format":"standard","meta":{"_jetpack_memberships_contains_paid_content":false,"footnotes":""},"categories":[5,1],"tags":[],"class_list":["post-5644","post","type-post","status-publish","format-standard","has-post-thumbnail","hentry","category-informacion-general","category-portada"],"jetpack_featured_media_url":"https:\/\/i0.wp.com\/cdnoticias.com\/wp-content\/uploads\/2020\/11\/busquedamiercoles5.jpg?fit=1280%2C960&ssl=1","jetpack_sharing_enabled":true,"_links":{"self":[{"href":"https:\/\/cdnoticias.com\/index.php\/wp-json\/wp\/v2\/posts\/5644","targetHints":{"allow":["GET"]}}],"collection":[{"href":"https:\/\/cdnoticias.com\/index.php\/wp-json\/wp\/v2\/posts"}],"about":[{"href":"https:\/\/cdnoticias.com\/index.php\/wp-json\/wp\/v2\/types\/post"}],"author":[{"embeddable":true,"href":"https:\/\/cdnoticias.com\/index.php\/wp-json\/wp\/v2\/users\/5"}],"replies":[{"embeddable":true,"href":"https:\/\/cdnoticias.com\/index.php\/wp-json\/wp\/v2\/comments?post=5644"}],"version-history":[{"count":0,"href":"https:\/\/cdnoticias.com\/index.php\/wp-json\/wp\/v2\/posts\/5644\/revisions"}],"wp:featuredmedia":[{"embeddable":true,"href":"https:\/\/cdnoticias.com\/index.php\/wp-json\/wp\/v2\/media\/5654"}],"wp:attachment":[{"href":"https:\/\/cdnoticias.com\/index.php\/wp-json\/wp\/v2\/media?parent=5644"}],"wp:term":[{"taxonomy":"category","embeddable":true,"href":"https:\/\/cdnoticias.com\/index.php\/wp-json\/wp\/v2\/categories?post=5644"},{"taxonomy":"post_tag","embeddable":true,"href":"https:\/\/cdnoticias.com\/index.php\/wp-json\/wp\/v2\/tags?post=5644"}],"curies":[{"name":"wp","href":"https:\/\/api.w.org\/{rel}","templated":true}]}}