{"id":56426,"date":"2022-06-03T20:10:04","date_gmt":"2022-06-03T23:10:04","guid":{"rendered":"https:\/\/www.centraldenoticias.com.ar\/?p=56426"},"modified":"2022-06-05T01:29:43","modified_gmt":"2022-06-05T04:29:43","slug":"el-frente-de-todos-confirmo-la-presentacion-de-documentacion-por-el-caso-frias","status":"publish","type":"post","link":"https:\/\/cdnoticias.com\/index.php\/2022\/06\/03\/el-frente-de-todos-confirmo-la-presentacion-de-documentacion-por-el-caso-frias\/","title":{"rendered":"El Frente de Todos confirm\u00f3 la presentaci\u00f3n de documentaci\u00f3n por el \u201ccaso Fr\u00edas\u201d"},"content":{"rendered":"<p>Fue ante el Tribunal de Cuentas y la Asesor\u00eda General de Gobierno. Ahora tendr\u00e1n un plazo de 20 d\u00edas para responder la consulta. <!--more--><\/p>\n<hr \/>\n<p>Con fecha del pasado 31 de mayo, <strong>la presidenta del interbloque del Frente de Todos, Mercedes Land\u00edvar, realiz\u00f3 la consulta formal al Honorable Tribunal de Cuentas y a la Asesor\u00eda General de Gobierno acerca del caso de Javier Fr\u00edas, acusado de facturar como proveedor municipal luego de haber asumido como concejal. <\/strong><a href=\"https:\/\/cdnoticias.com\/index.php\/2022\/05\/26\/se-aprobo-la-rendicion-de-cuentas-el-frente-de-todos-y-celeste-arouxet-se-fueron-del-recinto\/\" target=\"_blank\" rel=\"noopener\">El caso se plante\u00f3 inicialmente el 26 de mayo durante el tratamiento de la Rendici\u00f3n de Cuentas<\/a>.<\/p>\n<p>&nbsp;<\/p>\n<p>Desde el interbloque indicaron que <em><a href=\"https:\/\/cdnoticias.com\/index.php\/2022\/05\/26\/javier-frias-la-responsable-de-la-firma-es-mi-hermana\/\" target=\"_blank\" rel=\"noopener\">\u201cFr\u00edas lo reconoci\u00f3 p\u00fablicamente en la sesi\u00f3n<\/a>, tambi\u00e9n lo hizo el Intendente quien aclar\u00f3 que est\u00e1n tramitando una cesi\u00f3n de derechos, queda en evidencia que la inhabilidad exist\u00eda y el hecho de corrupci\u00f3n se configur\u00f3 desde el 10 de diciembre del 2021\u201d.<\/em><\/p>\n<p>&nbsp;<\/p>\n<blockquote><p>Los organismos tendr\u00e1n un plazo de 20 d\u00edas para responder la consulta; en el escrito los concejales advierten sobre la situaci\u00f3n laboral del concejal del bloque Juntos, y solicitan opini\u00f3n de c\u00f3mo continuar en este caso.<\/p><\/blockquote>\n<p>&nbsp;<\/p>\n<p><em>\u00a0\u201cEn el transcurso del an\u00e1lisis advertimos que <a href=\"https:\/\/cdnoticias.com\/index.php\/2022\/05\/26\/accidentado-inicio-de-la-sesion-especial-del-hcd-el-frente-de-todos-pidio-la-cesantia-de-javier-frias\/\" target=\"_blank\" rel=\"noopener\">bajo el n\u00famero 2174 se encontraba inscripto como proveedor del Municipio de Olavarr\u00eda<\/a> la \u2018Sucesi\u00f3n de Fr\u00edas Servando Alberto\u2019 (adjuntamos copia Ficha proveedor); advertimos tambi\u00e9n que Javier Alberto Fr\u00edas (concejal) era hijo de Servando Alberto, consultamos la Sucesi\u00f3n en la MEV de la Suprema Corte advirtiendo que el fallecimiento del Sr. Fr\u00edas Servando Alberto se produjo el 14\/04\/2021\u201d.<\/em><\/p>\n<p>&nbsp;<\/p>\n<p>Se agrega que <em>\u201cde la declaratoria de herederos que se adjunta a la presente, surge que uno de los herederos es el Sr. Javier Alberto Fr\u00edas (concejal). La actividad por la cual es proveedor actualmente Sucesi\u00f3n de Fr\u00edas Servando Alberto es la del rubro de Alimentos Pan y Confitura, siendo el nombre de fantas\u00eda `Panader\u00eda La Dulzura\u2019\u201d<\/em>, detallan en el documento.<\/p>\n<p>&nbsp;<\/p>\n<p>Adem\u00e1s, en la consulta se\u00f1alan:<em> \u201cEn diciembre 2021 luego de que el Sr. Fr\u00edas Javier Alberto asumiera como concejal, la Sucesi\u00f3n cobr\u00f3 como proveedor la suma de $ 295.881,78 y <strong>en lo que va del a\u00f1o 2022 se observa distintas contrataciones con la Municipalidad de $ 1.045.850<\/strong> (se adjuntaron a la copia de lista de \u00f3rdenes de pago desde el mes de diciembre de 2021 hasta la fecha)\u201d.<\/em><\/p>\n<p>&nbsp;<\/p>\n<p>Si bien dejaron en claro que la administradora de la Sucesi\u00f3n es la hermana del Concejal, la Sra. Mar\u00eda Cecilia Fr\u00edas, en el pedido se adjunt\u00f3<strong><em> \u201cun pedido de cotizaci\u00f3n en la cual pudimos constatar que se trata de la firma del concejal Fr\u00edas al realizar la comparaci\u00f3n con las firmas del mismo realizada en una comisi\u00f3n del HCD\u201d.<\/em><\/strong><\/p>\n<p>&nbsp;<\/p>\n<p>Pidieron que, en base al art\u00edculo 6 y 14 de la LOM y,<em> \u201ctomando como referencia el antecedente de este Tribunal en el Expediente 4096-2607-2019-0-0\u201d<\/em>, es que al momento de tratar la Rendici\u00f3n de cuentas <em>\u201csolicitamos se proceda al cese del Concejal Javier Alberto Fr\u00edas conforme lo indica la LOM, llev\u00e1ndose esto a votaci\u00f3n y resultando rechazado por el voto del bloque oficialista que cuentan con la mayor\u00eda\u201d<\/em> se\u00f1alaron.<\/p>\n<p>&nbsp;<\/p>\n<p>Finalmente, insistieron en que la situaci\u00f3n de Fr\u00edas es<strong><em> \u201cuna sucesi\u00f3n indivisa\u201d<\/em> <\/strong>y <em>\u201cvenimos a consultar si configura una inhabilidad ser Concejal y proveedor al mismo tiempo en este caso en particular y, en caso de ser as\u00ed, cu\u00e1les son los pasos que estima deben realizarse\u201d.<\/em><\/p>\n","protected":false},"excerpt":{"rendered":"<p>Fue ante el Tribunal de Cuentas y la Asesor\u00eda General de Gobierno. Ahora tendr\u00e1n un plazo de 20 d\u00edas para<\/p>\n","protected":false},"author":2,"featured_media":56427,"comment_status":"closed","ping_status":"closed","sticky":false,"template":"","format":"standard","meta":{"_jetpack_memberships_contains_paid_content":false,"footnotes":""},"categories":[4,1],"tags":[],"class_list":["post-56426","post","type-post","status-publish","format-standard","has-post-thumbnail","hentry","category-politica","category-portada"],"jetpack_featured_media_url":"https:\/\/i0.wp.com\/cdnoticias.com\/wp-content\/uploads\/2022\/06\/WhatsApp-Image-2022-06-03-at-5.07.30-PM.jpeg?fit=1280%2C816&ssl=1","jetpack_sharing_enabled":true,"_links":{"self":[{"href":"https:\/\/cdnoticias.com\/index.php\/wp-json\/wp\/v2\/posts\/56426","targetHints":{"allow":["GET"]}}],"collection":[{"href":"https:\/\/cdnoticias.com\/index.php\/wp-json\/wp\/v2\/posts"}],"about":[{"href":"https:\/\/cdnoticias.com\/index.php\/wp-json\/wp\/v2\/types\/post"}],"author":[{"embeddable":true,"href":"https:\/\/cdnoticias.com\/index.php\/wp-json\/wp\/v2\/users\/2"}],"replies":[{"embeddable":true,"href":"https:\/\/cdnoticias.com\/index.php\/wp-json\/wp\/v2\/comments?post=56426"}],"version-history":[{"count":0,"href":"https:\/\/cdnoticias.com\/index.php\/wp-json\/wp\/v2\/posts\/56426\/revisions"}],"wp:featuredmedia":[{"embeddable":true,"href":"https:\/\/cdnoticias.com\/index.php\/wp-json\/wp\/v2\/media\/56427"}],"wp:attachment":[{"href":"https:\/\/cdnoticias.com\/index.php\/wp-json\/wp\/v2\/media?parent=56426"}],"wp:term":[{"taxonomy":"category","embeddable":true,"href":"https:\/\/cdnoticias.com\/index.php\/wp-json\/wp\/v2\/categories?post=56426"},{"taxonomy":"post_tag","embeddable":true,"href":"https:\/\/cdnoticias.com\/index.php\/wp-json\/wp\/v2\/tags?post=56426"}],"curies":[{"name":"wp","href":"https:\/\/api.w.org\/{rel}","templated":true}]}}