{"id":56396,"date":"2022-06-04T10:12:27","date_gmt":"2022-06-04T13:12:27","guid":{"rendered":"https:\/\/www.centraldenoticias.com.ar\/?p=56396"},"modified":"2022-06-04T10:12:27","modified_gmt":"2022-06-04T13:12:27","slug":"proyectar-con-propuestas-de-mejora-en-la-movilidad-urbana","status":"publish","type":"post","link":"https:\/\/cdnoticias.com\/index.php\/2022\/06\/04\/proyectar-con-propuestas-de-mejora-en-la-movilidad-urbana\/","title":{"rendered":"ProyectAR con propuestas de mejora en la Movilidad Urbana"},"content":{"rendered":"<p>Se realiz\u00f3 la primera clase presencial de la Escuela de Gobierno y Pol\u00edticas P\u00fablicas. Estuvo a cargo del ingeniero Marcos Pascua.<!--more--><\/p>\n<hr \/>\n<p>El <strong>ingeniero Marcos Pascua<\/strong> brind\u00f3 una enriquecedora charla sobre la tem\u00e1tica Movilidad Urbana y Seguridad Vial bajo el t\u00edtulo de <strong>\u201cLa movilidad desde Los Picapiedras a los Supers\u00f3nicos\u201d<\/strong> con propuestas para el cambio hacia una nueva movilidad m\u00e1s segura.<\/p>\n<p>&nbsp;<\/p>\n<p>En la tarde del jueves, la Escuela de Gobierno y Pol\u00edticas P\u00fablicas \u201cProyectAR\u201d realiz\u00f3 su <strong>primera clase presencial en Olavarr\u00eda<\/strong>, ante un buen marco de asistentes, en el SUM de AOMA, ubicado en Alsina 2556.<\/p>\n<p>&nbsp;<\/p>\n<p>Luego de las palabras del coordinador de ProyectAR, Eduardo Rodr\u00edguez, el ingeniero Marcos Pascua expuso bajo el t\u00edtulo<strong> &#8220;La movilidad desde Los Picapiedras a los Supers\u00f3nicos&#8221;<\/strong> para pensar la movilidad urbana desde su relaci\u00f3n con la forma de construir las ciudades en los dibujos animados e invit\u00f3 a reflexionar a los asistentes desde una serie de tem\u00e1ticas tituladas <strong>&#8220;C\u00f3mo eran las ciudades que planteaba Hanna-Barbera y qu\u00e9 relaciones tienen con las nuestras&#8221;, &#8220;C\u00f3mo tiene que ser esa ciudad del futuro&#8221; y &#8220;\u00bfAmsterdam siempre fue Amsterdam?&#8221;.<\/strong><\/p>\n<p>&nbsp;<\/p>\n<p>En este sentido, <strong>Pascua propuso una serie de medidas para mejorar la movilidad y reducir los siniestros viales en la ciudad.<\/strong><\/p>\n<p>&nbsp;<\/p>\n<p><img data-recalc-dims=\"1\" loading=\"lazy\" decoding=\"async\" class=\"aligncenter size-full wp-image-56398\" src=\"https:\/\/i0.wp.com\/cdnoticias.com\/wp-content\/uploads\/2022\/06\/Proyectar-2.jpg?resize=800%2C445&#038;ssl=1\" alt=\"\" width=\"800\" height=\"445\" srcset=\"https:\/\/i0.wp.com\/cdnoticias.com\/wp-content\/uploads\/2022\/06\/Proyectar-2.jpg?w=800&amp;ssl=1 800w, https:\/\/i0.wp.com\/cdnoticias.com\/wp-content\/uploads\/2022\/06\/Proyectar-2.jpg?resize=300%2C167&amp;ssl=1 300w, https:\/\/i0.wp.com\/cdnoticias.com\/wp-content\/uploads\/2022\/06\/Proyectar-2.jpg?resize=768%2C427&amp;ssl=1 768w\" sizes=\"auto, (max-width: 800px) 100vw, 800px\" \/><\/p>\n<p>&nbsp;<\/p>\n<p>La creaci\u00f3n de las denominadas <strong>\u201czonas calmas\u201d<\/strong> (como por ejemplo el microcentro) con reducci\u00f3n de velocidad, la definici\u00f3n de <strong>\u201cS\u00faper manzanas\u201d<\/strong> (zonas que abarcan aproximadamente 6 manzanas) con circulaci\u00f3n diferencial entre veh\u00edculos, ensanchamiento de veredas (reducir el tiempo que el peat\u00f3n est\u00e1 sobre la calle y para a la disminuci\u00f3n de las velocidades de circulaci\u00f3n),<strong> incentivar el uso de la bicicleta<\/strong> como medio de transporte, <strong>construir infraestructura con la siguiente pir\u00e1mide de prioridad de usuarios<\/strong>: peatones, ciclistas, transporte p\u00fablico, transporte de carga, autom\u00f3viles y motos,\u00a0 <strong>Educaci\u00f3n Vial para la obtenci\u00f3n de licencia de conducir (un proceso de formaci\u00f3n y no por un breve tr\u00e1mite para obtener el carnet)<\/strong> fueron algunas de las medidas propuestas.<\/p>\n<p>&nbsp;<\/p>\n<p>El Ing. Pascua expres\u00f3 que <strong>&#8220;hay que empezar a cambiar la idea de la naturalizaci\u00f3n del accidente&#8221;<\/strong>, ya que &#8220;nos hemos acostumbrado a verlos a diario y creemos que no se pueden evitar, que son parte del paisaje. Pero se pueden y se deben evitar&#8221;. &#8220;No se trata de ver d\u00f3nde ponemos un reductor de velocidad o una rotonda m\u00e1s, se trata empezar a pensar en qu\u00e9 ciudades queremos vivir dentro de 15 a\u00f1os&#8221;, indic\u00f3<\/p>\n<p>&nbsp;<\/p>\n<p>Marcos Pascua es egresado de la carrera Ingenier\u00eda Civil, en la Facultad de Ingenier\u00eda de Olavarr\u00eda y cuenta con un amplio recorrido en materia de movilidad urbana. Dedic\u00f3 su tesis al estudio de la seguridad vial y desarrolla su actividad profesional como <strong>promotor comunitario de seguridad vial, consultor de seguridad vial y supervisor de obra para Vialidad Nacional.<\/strong><\/p>\n<p>&nbsp;<\/p>\n<p>La <strong>Escuela de Gobierno y Pol\u00edticas P\u00fablicas, \u201cProyectAR\u201d<\/strong>, es un espacio de formaci\u00f3n de equipos t\u00e9cnicos y de gesti\u00f3n basados en el conocimiento, con solidez y visi\u00f3n de largo plazo, para poder abordar los desaf\u00edos que afrontan nuestras democracias en el siglo XXI.<\/p>\n<p>&nbsp;<\/p>\n<p>Para m\u00e1s informaci\u00f3n de la Escuela de Gobierno y Pol\u00edticas P\u00fablicas, \u201cProyectAR\u201d, ingresar a <a href=\"https:\/\/foroolavarria.org\/proyectar-escuela-de-gobierno-y-politicas-publicas\" target=\"_blank\" rel=\"noopener\">https:\/\/foroolavarria.org\/proyectar-escuela-de-gobierno-y-politicas-publicas<\/a><\/p>\n","protected":false},"excerpt":{"rendered":"<p>Se realiz\u00f3 la primera clase presencial de la Escuela de Gobierno y Pol\u00edticas P\u00fablicas. Estuvo a cargo del ingeniero Marcos<\/p>\n","protected":false},"author":5,"featured_media":56397,"comment_status":"closed","ping_status":"closed","sticky":false,"template":"","format":"standard","meta":{"_jetpack_memberships_contains_paid_content":false,"footnotes":""},"categories":[4,1],"tags":[],"class_list":["post-56396","post","type-post","status-publish","format-standard","has-post-thumbnail","hentry","category-politica","category-portada"],"jetpack_featured_media_url":"https:\/\/i0.wp.com\/cdnoticias.com\/wp-content\/uploads\/2022\/06\/Proyectar-1.jpg?fit=800%2C445&ssl=1","jetpack_sharing_enabled":true,"_links":{"self":[{"href":"https:\/\/cdnoticias.com\/index.php\/wp-json\/wp\/v2\/posts\/56396","targetHints":{"allow":["GET"]}}],"collection":[{"href":"https:\/\/cdnoticias.com\/index.php\/wp-json\/wp\/v2\/posts"}],"about":[{"href":"https:\/\/cdnoticias.com\/index.php\/wp-json\/wp\/v2\/types\/post"}],"author":[{"embeddable":true,"href":"https:\/\/cdnoticias.com\/index.php\/wp-json\/wp\/v2\/users\/5"}],"replies":[{"embeddable":true,"href":"https:\/\/cdnoticias.com\/index.php\/wp-json\/wp\/v2\/comments?post=56396"}],"version-history":[{"count":0,"href":"https:\/\/cdnoticias.com\/index.php\/wp-json\/wp\/v2\/posts\/56396\/revisions"}],"wp:featuredmedia":[{"embeddable":true,"href":"https:\/\/cdnoticias.com\/index.php\/wp-json\/wp\/v2\/media\/56397"}],"wp:attachment":[{"href":"https:\/\/cdnoticias.com\/index.php\/wp-json\/wp\/v2\/media?parent=56396"}],"wp:term":[{"taxonomy":"category","embeddable":true,"href":"https:\/\/cdnoticias.com\/index.php\/wp-json\/wp\/v2\/categories?post=56396"},{"taxonomy":"post_tag","embeddable":true,"href":"https:\/\/cdnoticias.com\/index.php\/wp-json\/wp\/v2\/tags?post=56396"}],"curies":[{"name":"wp","href":"https:\/\/api.w.org\/{rel}","templated":true}]}}