{"id":56387,"date":"2022-06-03T20:47:11","date_gmt":"2022-06-03T23:47:11","guid":{"rendered":"https:\/\/www.centraldenoticias.com.ar\/?p=56387"},"modified":"2022-06-04T09:30:22","modified_gmt":"2022-06-04T12:30:22","slug":"secuestran-en-olavarria-un-auto-robado-en-el-conurbano","status":"publish","type":"post","link":"https:\/\/cdnoticias.com\/index.php\/2022\/06\/03\/secuestran-en-olavarria-un-auto-robado-en-el-conurbano\/","title":{"rendered":"Secuestran en Olavarr\u00eda un auto robado en el conurbano"},"content":{"rendered":"<p>Personal de la SubDDI logr\u00f3 dar con el rodado y constat\u00f3 que la \u201cC\u00e9dula Identificatoria Vehicular era ap\u00f3crifa ya que no coincid\u00eda los datos que figuraban en ella con los del veh\u00edculo en cuesti\u00f3n\u201d.<!--more--><\/p>\n<hr \/>\n<p><strong>El martes por la ma\u00f1ana personal de la SubDDI Olavarr\u00eda efectu\u00f3 un amplio despliegue operativo en barrio Lujan<\/strong> para secuestrar un auto que hab\u00eda sido denunciado como robado.<\/p>\n<p>&nbsp;<\/p>\n<p>Se hizo saber que<strong> \u201ctras arduas tareas investigativas por parte de Grupo Operativo se logr\u00f3 identificar un veh\u00edculo marca Chevrolet modelo Prisma\u201d<\/strong>. Sobre el rodado reca\u00eda un pedido de secuestro de noviembre del a\u00f1o pasado <strong>emitido por la UFI N\u00b0 01 del Departamento Judicial de Avellaneda\/Lanus por el delito de \u201crobo agravado\u201d.<\/strong><\/p>\n<p>&nbsp;<\/p>\n<blockquote><p>Se indic\u00f3 que se constat\u00f3 que \u201cla documentaci\u00f3n presentada como C\u00e9dula Identificatoria Vehicular era ap\u00f3crifa ya que no coincid\u00eda los datos que figuraban en ella con los del veh\u00edculo en cuesti\u00f3n\u201d.<\/p><\/blockquote>\n<p>&nbsp;<\/p>\n<p>Por tal motivo se le dio<strong> intervenci\u00f3n a la UFI N\u00b0 04 local a cargo de la fiscal Mar\u00eda Paula Serano<\/strong>. Se iniciaron las actuaciones correspondientes y se llev\u00f3 a cabo la incautaci\u00f3n del auto Prisma a los posteriores fines periciales.<\/p>\n","protected":false},"excerpt":{"rendered":"<p>Personal de la SubDDI logr\u00f3 dar con el rodado y constat\u00f3 que la \u201cC\u00e9dula Identificatoria Vehicular era ap\u00f3crifa ya que<\/p>\n","protected":false},"author":4,"featured_media":56388,"comment_status":"closed","ping_status":"closed","sticky":false,"template":"","format":"standard","meta":{"_jetpack_memberships_contains_paid_content":false,"footnotes":""},"categories":[14,1],"tags":[],"class_list":["post-56387","post","type-post","status-publish","format-standard","has-post-thumbnail","hentry","category-policiales","category-portada"],"jetpack_featured_media_url":"https:\/\/i0.wp.com\/cdnoticias.com\/wp-content\/uploads\/2022\/06\/auto-secuestrado-barrio-lujan.jpg?fit=800%2C445&ssl=1","jetpack_sharing_enabled":true,"_links":{"self":[{"href":"https:\/\/cdnoticias.com\/index.php\/wp-json\/wp\/v2\/posts\/56387","targetHints":{"allow":["GET"]}}],"collection":[{"href":"https:\/\/cdnoticias.com\/index.php\/wp-json\/wp\/v2\/posts"}],"about":[{"href":"https:\/\/cdnoticias.com\/index.php\/wp-json\/wp\/v2\/types\/post"}],"author":[{"embeddable":true,"href":"https:\/\/cdnoticias.com\/index.php\/wp-json\/wp\/v2\/users\/4"}],"replies":[{"embeddable":true,"href":"https:\/\/cdnoticias.com\/index.php\/wp-json\/wp\/v2\/comments?post=56387"}],"version-history":[{"count":0,"href":"https:\/\/cdnoticias.com\/index.php\/wp-json\/wp\/v2\/posts\/56387\/revisions"}],"wp:featuredmedia":[{"embeddable":true,"href":"https:\/\/cdnoticias.com\/index.php\/wp-json\/wp\/v2\/media\/56388"}],"wp:attachment":[{"href":"https:\/\/cdnoticias.com\/index.php\/wp-json\/wp\/v2\/media?parent=56387"}],"wp:term":[{"taxonomy":"category","embeddable":true,"href":"https:\/\/cdnoticias.com\/index.php\/wp-json\/wp\/v2\/categories?post=56387"},{"taxonomy":"post_tag","embeddable":true,"href":"https:\/\/cdnoticias.com\/index.php\/wp-json\/wp\/v2\/tags?post=56387"}],"curies":[{"name":"wp","href":"https:\/\/api.w.org\/{rel}","templated":true}]}}