{"id":56372,"date":"2022-06-03T12:06:56","date_gmt":"2022-06-03T15:06:56","guid":{"rendered":"https:\/\/www.centraldenoticias.com.ar\/?p=56372"},"modified":"2022-06-03T16:27:43","modified_gmt":"2022-06-03T19:27:43","slug":"abuso-sexual-en-la-escuela-de-policia-sospechamos-que-puede-haber-otros-casos","status":"publish","type":"post","link":"https:\/\/cdnoticias.com\/index.php\/2022\/06\/03\/abuso-sexual-en-la-escuela-de-policia-sospechamos-que-puede-haber-otros-casos\/","title":{"rendered":"Abuso sexual en la escuela de Polic\u00eda: \u201cSospechamos que puede haber otros casos\u201d"},"content":{"rendered":"<p>Lo afirm\u00f3 la doctora Natasha Targiano, integrante de Animate, al conocer que varias cadetes solicitaron la baja de manera simult\u00e1nea. Si hay otras v\u00edctimas, \u201cque no tengan miedo, que se animen a hablar\u201d, resalt\u00f3 en di\u00e1logo con Central de Noticias.<!--more--><\/p>\n<hr \/>\n<p>La doctora Natasha Targiano integra la asociaci\u00f3n civil Animate a la que se acerc\u00f3 la joven cadete que denunci\u00f3 un<a href=\"https:\/\/cdnoticias.com\/index.php\/2022\/06\/03\/una-cadete-denuncio-un-grave-caso-de-abuso-sexual-en-la-escuela-juan-vucetich\/\" target=\"_blank\" rel=\"noopener\"> abuso sexual en la Escuela \u201cJuan Vucetich\u201d por parte de una de las m\u00e1ximas autoridades del establecimiento<\/a> educativo policial.<\/p>\n<p>&nbsp;<\/p>\n<p>En di\u00e1logo con <em>Central de Noticias<\/em> explic\u00f3 que el primer contacto lo tuvieron de forma telef\u00f3nica con el padre de la v\u00edctima, el pasado domingo 29 de mayo. Luego \u201ccoordinamos una entrevista presencial que es la manera en la que trabaja Animate cuando nos llaman y<strong> ayer (2 de junio) nos encontramos con la v\u00edctima, su mam\u00e1 y el doctor (Gustavo) Scotto como abogado defensor<\/strong>\u201d.<\/p>\n<p>&nbsp;<\/p>\n<p>\u201cCuando alguien llega a Animate la idea es que hable hasta donde pueda y quiera. Lo que sienta. No pedimos ning\u00fan detalle sino escuchar a la v\u00edctima. El hecho es traum\u00e1tico y muy reciente\u201d, indic\u00f3 la doctora Targiano.<\/p>\n<p>&nbsp;<\/p>\n<blockquote><p>En ese encuentro, la joven relat\u00f3 que \u201cantes de que le ocurriera esto, otras cadetes se dieron a la baja. Todas al mismo tiempo. Sospechamos que puede haber otros casos. Es raro que alrededor de diez chicas que ingresaron con toda la ilusi\u00f3n pidieran la baja de una\u201d.<\/p><\/blockquote>\n<p>&nbsp;<\/p>\n<p>La joven realiz\u00f3 la denuncia el 22 de mayo y <strong>Targiano se\u00f1al\u00f3 que la causa \u201cest\u00e1 avanzando muy bien\u201d.<\/strong> Destac\u00f3 que \u201cse realizaron allanamientos, pericias psicol\u00f3gicas y el secuestro de elementos, entre ellos el celular del acusado ya que la v\u00edctima sufri\u00f3 previo acoso por redes\u201d. Adem\u00e1s, indic\u00f3 que el acusado \u201cya fue removido de su cargo\u201d y la causa est\u00e1 caratulada como <strong>\u201cabuso sexual con acceso carnal agravado por ser cometido por funcionario p\u00fablico\u201d.<\/strong><\/p>\n<p>&nbsp;<\/p>\n<p>Targiano reconoci\u00f3 el miedo que puede generar \u201cencontrarse con esta estructura de poder\u201d pero resalt\u00f3 la importancia de animarse a hablar y a denunciar. \u00a0<strong>\u201cLa idea es poder ayudar a las personas que pueden haber sufrido lo mismo, por supuesto con todo el resguardo a la identidad de las v\u00edctimas. Sabemos que es una estructura muy jer\u00e1rquica y por eso entendemos el miedo a hablar en un principio\u201d.<\/strong><\/p>\n<p>&nbsp;<\/p>\n<p>Indic\u00f3 que desde la asociaci\u00f3n civil est\u00e1n dispuestas a brindar \u201ctodo el apoyo humano para contener a otras posibles v\u00edctimas\u201d. Pueden contactarse a trav\u00e9s de las redes sociales de la agrupaci\u00f3n o las redes particulares de las integrantes. <strong>\u201cQue no tengan miedo, que se animen a hablar\u201d<\/strong>, concluy\u00f3.<\/p>\n<p>&nbsp;<\/p>\n<p>&nbsp;<\/p>\n<p style=\"text-align: center;\"><em>Si sos v\u00edctima o conoces alguien que est\u00e9 sufriendo violencia de g\u00e9nero comun\u00edcate al 144.<\/em><\/p>\n<p style=\"text-align: center;\"><em>Adem\u00e1s, Olavarr\u00eda cuenta con la Direcci\u00f3n de Pol\u00edticas de G\u00e9nero, San Mart\u00edn N\u00b01106 de lunes a viernes de 8 a 18 o mediante los tel\u00e9fonos 02284 417400 o el celular de guardia: 02284 \u2013 15672508.<\/em><\/p>\n<p style=\"text-align: center;\"><em>A la par, tambi\u00e9n te pod\u00e9s acercar a la Comisar\u00eda De la Mujer y la Familia en 9 de Julio 2652 o al tel\u00e9fono 2284 480100; o la sede judicial local, en Rufino Fal 2943, tel\u00e9fono 2284 423427.<\/em><\/p>\n","protected":false},"excerpt":{"rendered":"<p>Lo afirm\u00f3 la doctora Natasha Targiano, integrante de Animate, al conocer que varias cadetes solicitaron la baja de manera simult\u00e1nea.<\/p>\n","protected":false},"author":5,"featured_media":56374,"comment_status":"closed","ping_status":"closed","sticky":false,"template":"","format":"standard","meta":{"_jetpack_memberships_contains_paid_content":false,"footnotes":""},"categories":[3,1],"tags":[],"class_list":["post-56372","post","type-post","status-publish","format-standard","has-post-thumbnail","hentry","category-genero","category-portada"],"jetpack_featured_media_url":"https:\/\/i0.wp.com\/cdnoticias.com\/wp-content\/uploads\/2022\/06\/escuela-vucetich-0.jpg?fit=800%2C445&ssl=1","jetpack_sharing_enabled":true,"_links":{"self":[{"href":"https:\/\/cdnoticias.com\/index.php\/wp-json\/wp\/v2\/posts\/56372","targetHints":{"allow":["GET"]}}],"collection":[{"href":"https:\/\/cdnoticias.com\/index.php\/wp-json\/wp\/v2\/posts"}],"about":[{"href":"https:\/\/cdnoticias.com\/index.php\/wp-json\/wp\/v2\/types\/post"}],"author":[{"embeddable":true,"href":"https:\/\/cdnoticias.com\/index.php\/wp-json\/wp\/v2\/users\/5"}],"replies":[{"embeddable":true,"href":"https:\/\/cdnoticias.com\/index.php\/wp-json\/wp\/v2\/comments?post=56372"}],"version-history":[{"count":0,"href":"https:\/\/cdnoticias.com\/index.php\/wp-json\/wp\/v2\/posts\/56372\/revisions"}],"wp:featuredmedia":[{"embeddable":true,"href":"https:\/\/cdnoticias.com\/index.php\/wp-json\/wp\/v2\/media\/56374"}],"wp:attachment":[{"href":"https:\/\/cdnoticias.com\/index.php\/wp-json\/wp\/v2\/media?parent=56372"}],"wp:term":[{"taxonomy":"category","embeddable":true,"href":"https:\/\/cdnoticias.com\/index.php\/wp-json\/wp\/v2\/categories?post=56372"},{"taxonomy":"post_tag","embeddable":true,"href":"https:\/\/cdnoticias.com\/index.php\/wp-json\/wp\/v2\/tags?post=56372"}],"curies":[{"name":"wp","href":"https:\/\/api.w.org\/{rel}","templated":true}]}}