{"id":56364,"date":"2022-06-03T11:17:39","date_gmt":"2022-06-03T14:17:39","guid":{"rendered":"https:\/\/www.centraldenoticias.com.ar\/?p=56364"},"modified":"2022-06-03T11:17:39","modified_gmt":"2022-06-03T14:17:39","slug":"ni-una-menos-a-siete-anos-de-la-primera-marcha-habra-movilizacion-en-olavarria","status":"publish","type":"post","link":"https:\/\/cdnoticias.com\/index.php\/2022\/06\/03\/ni-una-menos-a-siete-anos-de-la-primera-marcha-habra-movilizacion-en-olavarria\/","title":{"rendered":"Ni Una Menos: A siete a\u00f1os de la primera marcha habr\u00e1 movilizaci\u00f3n en Olavarr\u00eda"},"content":{"rendered":"<p>Entre las consignas se destaca el pedido de justicia por Marcela G\u00f3mez y Mar\u00eda Luj\u00e1n Riva de Neira.<!--more--><\/p>\n<hr \/>\n<p>Otro 3J en las calles. En Olavarr\u00eda, el pedido de Ni Una Menos se concentrar\u00e1 este viernes en el <strong>Paseo Jes\u00fas Mend\u00eda desde las 17:00.<\/strong><\/p>\n<p>&nbsp;<\/p>\n<p><strong>\u201cNos volvemos a convocar con un grito de lucha, exigiendo que el sistema machista y patriarcal concrete una reparaci\u00f3n hist\u00f3rica por nuestrxs compa\u00f1erxs que nos quitaron\u201d<\/strong>, expresaron desde la Asamblea Feminista y Disidente que nuclea a distintas organizaciones de la ciudad.<\/p>\n<p>&nbsp;<\/p>\n<blockquote><p>Entre las consignas se destacan el pedido de justicia por Marcela G\u00f3mez y Mar\u00eda Luj\u00e1n Riva de Neira.<\/p><\/blockquote>\n<p>&nbsp;<\/p>\n<p><img data-recalc-dims=\"1\" loading=\"lazy\" decoding=\"async\" class=\"aligncenter size-full wp-image-48490\" src=\"https:\/\/i0.wp.com\/cdnoticias.com\/wp-content\/uploads\/2022\/03\/8M-13.jpg?resize=800%2C445&#038;ssl=1\" alt=\"\" width=\"800\" height=\"445\" srcset=\"https:\/\/i0.wp.com\/cdnoticias.com\/wp-content\/uploads\/2022\/03\/8M-13.jpg?w=800&amp;ssl=1 800w, https:\/\/i0.wp.com\/cdnoticias.com\/wp-content\/uploads\/2022\/03\/8M-13.jpg?resize=300%2C167&amp;ssl=1 300w, https:\/\/i0.wp.com\/cdnoticias.com\/wp-content\/uploads\/2022\/03\/8M-13.jpg?resize=768%2C427&amp;ssl=1 768w\" sizes=\"auto, (max-width: 800px) 100vw, 800px\" \/><\/p>\n<p>&nbsp;<\/p>\n<p><strong>Marcela G\u00f3mez<\/strong> fue asesinada el pasado 6 de marzo en una vivienda de Calle 11 al 3400 en manos de su ex cu\u00f1ado, tras intervenir en una discusi\u00f3n que ten\u00eda con la ex pareja, su hermana. El acusado fue aprehendido en el lugar con el arma utilizada en el hecho y actualmente se encuentra detenido, bajo la car\u00e1tula de \u201cHomicidio en ocasi\u00f3n de violencia de g\u00e9nero (Femicidio)\u201d.<\/p>\n<p>&nbsp;<\/p>\n<p><strong>Mar\u00eda Luj\u00e1n Riva de Neira<\/strong> ten\u00eda 44 a\u00f1os cuando fue atacada de un \u201cpuntazo\u201d en el pecho el 10 de mayo de 2018 en el frente de su vivienda. Falleci\u00f3 a los pocos minutos de ingresar en el Hospital Municipal \u201cDr. H\u00e9ctor Cura\u201d. Por el hecho fue imputado y detenido Lucas Kessler quien el 26 de mayo pasado fue declarado \u201cno culpable\u201d en juicio por jurados.<\/p>\n<p>&nbsp;<\/p>\n","protected":false},"excerpt":{"rendered":"<p>Entre las consignas se destaca el pedido de justicia por Marcela G\u00f3mez y Mar\u00eda Luj\u00e1n Riva de Neira.<\/p>\n","protected":false},"author":5,"featured_media":48493,"comment_status":"closed","ping_status":"closed","sticky":false,"template":"","format":"standard","meta":{"_jetpack_memberships_contains_paid_content":false,"footnotes":""},"categories":[3,1],"tags":[],"class_list":["post-56364","post","type-post","status-publish","format-standard","has-post-thumbnail","hentry","category-genero","category-portada"],"jetpack_featured_media_url":"https:\/\/i0.wp.com\/cdnoticias.com\/wp-content\/uploads\/2022\/03\/8M-16.jpg?fit=800%2C445&ssl=1","jetpack_sharing_enabled":true,"_links":{"self":[{"href":"https:\/\/cdnoticias.com\/index.php\/wp-json\/wp\/v2\/posts\/56364","targetHints":{"allow":["GET"]}}],"collection":[{"href":"https:\/\/cdnoticias.com\/index.php\/wp-json\/wp\/v2\/posts"}],"about":[{"href":"https:\/\/cdnoticias.com\/index.php\/wp-json\/wp\/v2\/types\/post"}],"author":[{"embeddable":true,"href":"https:\/\/cdnoticias.com\/index.php\/wp-json\/wp\/v2\/users\/5"}],"replies":[{"embeddable":true,"href":"https:\/\/cdnoticias.com\/index.php\/wp-json\/wp\/v2\/comments?post=56364"}],"version-history":[{"count":0,"href":"https:\/\/cdnoticias.com\/index.php\/wp-json\/wp\/v2\/posts\/56364\/revisions"}],"wp:featuredmedia":[{"embeddable":true,"href":"https:\/\/cdnoticias.com\/index.php\/wp-json\/wp\/v2\/media\/48493"}],"wp:attachment":[{"href":"https:\/\/cdnoticias.com\/index.php\/wp-json\/wp\/v2\/media?parent=56364"}],"wp:term":[{"taxonomy":"category","embeddable":true,"href":"https:\/\/cdnoticias.com\/index.php\/wp-json\/wp\/v2\/categories?post=56364"},{"taxonomy":"post_tag","embeddable":true,"href":"https:\/\/cdnoticias.com\/index.php\/wp-json\/wp\/v2\/tags?post=56364"}],"curies":[{"name":"wp","href":"https:\/\/api.w.org\/{rel}","templated":true}]}}