{"id":56311,"date":"2022-06-04T13:01:07","date_gmt":"2022-06-04T16:01:07","guid":{"rendered":"https:\/\/www.centraldenoticias.com.ar\/?p=56311"},"modified":"2022-06-04T13:01:07","modified_gmt":"2022-06-04T16:01:07","slug":"cuestionan-el-superavit-municipal-va-en-desmedro-de-la-obra-publica-y-la-disminucion-de-servicios","status":"publish","type":"post","link":"https:\/\/cdnoticias.com\/index.php\/2022\/06\/04\/cuestionan-el-superavit-municipal-va-en-desmedro-de-la-obra-publica-y-la-disminucion-de-servicios\/","title":{"rendered":"Cuestionan el super\u00e1vit municipal: &#8220;va en desmedro de la obra p\u00fablica y la disminuci\u00f3n de servicios\u201d"},"content":{"rendered":"<p>As\u00ed lo indicaron los concejales Maximiliano Wesner y Ubaldo Garc\u00eda durante una charla sobre el Presupuesto Municipal. <!--more--><\/p>\n<hr \/>\n<p>Los concejales y contadores <strong>Maximiliano Wesner y Ubaldo Garc\u00eda<\/strong> dieron una minuciosa charla sobre el <strong>Presupuesto Municipal, ante un gran marco de p\u00fablico<\/strong>, con el &#8220;<strong>objetivo de que la comunidad sepa c\u00f3mo se recauda y donde se destinan espec\u00edficamente los fondos de todos los y las olavarrienses<\/strong>&#8221; se indic\u00f3.<\/p>\n<p>&nbsp;<\/p>\n<p>Del detallado an\u00e1lisis <strong>se destac\u00f3 la proyecci\u00f3n del recurso \u201cDerecho de Explotaci\u00f3n de Canteras\u201d<\/strong> destinado a gastos corrientes, el bajo presupuesto dirigido a obras y el desfinanciamiento de las localidades.<\/p>\n<p>&nbsp;<\/p>\n<p>Durante el encuentro se subray\u00f3 con relaci\u00f3n al derecho de Explotaci\u00f3n de canteras, que el<strong> total recaudado durante el periodo 2021 fue de $1.336.000.000,<\/strong> monto que represent\u00f3 el <strong>20% de ingreso a las arcas municipales.<\/strong> Un fondo que deber\u00eda destinarse a la concreci\u00f3n de proyectos diferenciales, seg\u00fan el an\u00e1lisis de los contadores pero que \u201c<strong>gran parte se utiliza para gastos corrientes\u201d.<\/strong><\/p>\n<p>&nbsp;<\/p>\n<p>Del an\u00e1lisis tambi\u00e9n se desprende que para las localidades, fuente generadora de estos ingresos por encontrarse los yacimientos, solo se les destinar\u00e1 el 4,27%, \u201c<strong>este \u00faltimo dato deja ver las grandes falencias que est\u00e1n teniendo las localidades,<\/strong> no solo en cuestiones relacionadas a obras y mantenimientos de las mismas<strong>, sino a la p\u00e9rdida de derechos, como el acceso a una salud digna, con hospitales y salas de atenci\u00f3n con m\u00e9dicos permanentes\u201d <\/strong>se explic\u00f3.<\/p>\n<p>&nbsp;<\/p>\n<p>En cuanto al env\u00edo de fondos de coparticipaci\u00f3n el municipio tambi\u00e9n vio incrementado sus ingresos, \u201c<strong>el super\u00e1vit que pretenden destacar va en desmedro de la obra p\u00fablica y la disminuci\u00f3n de servicios para los vecinos\u201d<\/strong>, concluyeron los concejales.<\/p>\n<p>&nbsp;<\/p>\n<p>Acerca de obra p\u00fablica los ediles detallaron que <strong>el municipio destina 161 millones, mientras que el gobierno nacional y provincial destinan 299 millones<\/strong>, entre las obras con fondos provinciales y nacionales se destacan la ampliaci\u00f3n de la Escuela Secundaria N\u00b020, la construcci\u00f3n del edificio de Educaci\u00f3n F\u00edsica, la Escuela de Artes Visuales y el gimnasio del CEF N\u00b0124. \u201cAc\u00e1 se aprecia c\u00f3mo en la actualidad el ritmo de obra se mantiene por los fondos que destina la provincia con vinculaci\u00f3n directa. Olavarr\u00eda siempre se caracteriz\u00f3 por el gran ritmo de obra con fondos propios, muchas financiadas por el ingreso del impuesto a la piedra y que desde esta gesti\u00f3n fue disminuyendo a porcentajes casi irrisorios\u201d se remarc\u00f3.<\/p>\n<p>&nbsp;<\/p>\n<p>El<strong> presupuesto municipal asciende a m\u00e1s de 8.000 millones de pesos <\/strong>\u201ccon una caracter\u00edstica en particular, una atribuci\u00f3n que el Intendente viene realizando que es la actualizaci\u00f3n del mismo por inflaci\u00f3n. O sea, el municipio nunca se ver\u00e1 desfinanciado ante los aumentos de los costos ya que el Intendente, haciendo uso de esa facultad, va ir actualiz\u00e1ndolos\u201d se indic\u00f3.<\/p>\n<p>&nbsp;<\/p>\n<p>Por \u00faltimo, <strong>Maximiliano Wesner<\/strong> destac\u00f3 que &#8220;viendo estos n\u00fameros, entendemos que <strong>el problema es la falta de un plan municipal, lo cual hace que los recursos sean mal invertidos.<\/strong> Es decir, que, viendo los ingresos que tiene Olavarr\u00eda por propia generaci\u00f3n, por coparticipaci\u00f3n y nuestro gran diferencial el impuesto a la piedra, es imposible no ilusionarse con un Partido de Olavarr\u00eda mejor. <strong>Ac\u00e1 queda en evidencia cuales son las prioridades de este Gobierno Municipal.<\/strong> <strong>Olavarr\u00eda tiene un potencial indiscutible, que es desperdiciado por una mala administraci\u00f3n y err\u00f3neas decisiones\u201d.<\/strong><\/p>\n<p>&nbsp;<\/p>\n<p>El encuentro fue organizado por el<strong> Instituto PUEBLO,<\/strong> un espacio creado para pensar y dise\u00f1ar pol\u00edticas p\u00fablicas para la producci\u00f3n y la inclusi\u00f3n, el cual se puso en funcionamiento formalmente hace un mes.<\/p>\n","protected":false},"excerpt":{"rendered":"<p>As\u00ed lo indicaron los concejales Maximiliano Wesner y Ubaldo Garc\u00eda durante una charla sobre el Presupuesto Municipal.<\/p>\n","protected":false},"author":6,"featured_media":56313,"comment_status":"closed","ping_status":"closed","sticky":false,"template":"","format":"standard","meta":{"_jetpack_memberships_contains_paid_content":false,"footnotes":""},"categories":[4],"tags":[],"class_list":["post-56311","post","type-post","status-publish","format-standard","has-post-thumbnail","hentry","category-politica"],"jetpack_featured_media_url":"https:\/\/i0.wp.com\/cdnoticias.com\/wp-content\/uploads\/2022\/06\/WhatsApp-Image-2022-06-02-at-12.22.44-PM.jpeg?fit=1600%2C912&ssl=1","jetpack_sharing_enabled":true,"_links":{"self":[{"href":"https:\/\/cdnoticias.com\/index.php\/wp-json\/wp\/v2\/posts\/56311","targetHints":{"allow":["GET"]}}],"collection":[{"href":"https:\/\/cdnoticias.com\/index.php\/wp-json\/wp\/v2\/posts"}],"about":[{"href":"https:\/\/cdnoticias.com\/index.php\/wp-json\/wp\/v2\/types\/post"}],"author":[{"embeddable":true,"href":"https:\/\/cdnoticias.com\/index.php\/wp-json\/wp\/v2\/users\/6"}],"replies":[{"embeddable":true,"href":"https:\/\/cdnoticias.com\/index.php\/wp-json\/wp\/v2\/comments?post=56311"}],"version-history":[{"count":0,"href":"https:\/\/cdnoticias.com\/index.php\/wp-json\/wp\/v2\/posts\/56311\/revisions"}],"wp:featuredmedia":[{"embeddable":true,"href":"https:\/\/cdnoticias.com\/index.php\/wp-json\/wp\/v2\/media\/56313"}],"wp:attachment":[{"href":"https:\/\/cdnoticias.com\/index.php\/wp-json\/wp\/v2\/media?parent=56311"}],"wp:term":[{"taxonomy":"category","embeddable":true,"href":"https:\/\/cdnoticias.com\/index.php\/wp-json\/wp\/v2\/categories?post=56311"},{"taxonomy":"post_tag","embeddable":true,"href":"https:\/\/cdnoticias.com\/index.php\/wp-json\/wp\/v2\/tags?post=56311"}],"curies":[{"name":"wp","href":"https:\/\/api.w.org\/{rel}","templated":true}]}}