{"id":56288,"date":"2022-06-04T12:17:41","date_gmt":"2022-06-04T15:17:41","guid":{"rendered":"https:\/\/www.centraldenoticias.com.ar\/?p=56288"},"modified":"2022-06-04T12:17:41","modified_gmt":"2022-06-04T15:17:41","slug":"fines-2022-entrega-de-titulos-y-pre-inscripciones-para-el-segundo-cuatrimestre","status":"publish","type":"post","link":"https:\/\/cdnoticias.com\/index.php\/2022\/06\/04\/fines-2022-entrega-de-titulos-y-pre-inscripciones-para-el-segundo-cuatrimestre\/","title":{"rendered":"FinEs 2022: entrega de t\u00edtulos y pre inscripciones para el segundo cuatrimestre"},"content":{"rendered":"<p>Los interesados e interesadas podr\u00e1n anotarse a partir de la pr\u00f3xima semana en sus dos modalidades: Trayecto Secundario y Deudores de Materias Pendientes.<!--more--><\/p>\n<hr \/>\n<p>La semana pr\u00f3xima se dar\u00e1 inicio a las pre inscripciones para ingresar en el segundo cuatrimestre (luego del receso invernal) al programa FinEs en sus dos modalidades: <strong>Trayecto Secundario y Deudores de Materias Pendientes.<\/strong><\/p>\n<p>&nbsp;<\/p>\n<p>Quienes est\u00e9n interesados podr\u00e1n dirigirse a la oficina ubicada en<strong> Lavalle entre Roque Sa\u00e9nz Pe\u00f1a e H. Yrigoyen (primer piso) los d\u00edas lunes y mi\u00e9rcoles de 18 a 21.<\/strong> En todos los casos deber\u00e1n presentar<strong> en folio A4 fotocopia de partida de nacimiento, fotocopia de DNI y certificaci\u00f3n de estudios previos o fotocopia de anal\u00edtico parcial.<\/strong><\/p>\n<p>&nbsp;<\/p>\n<blockquote><p>Adem\u00e1s, se invita a egresados y egresadas a concurrir a la oficina con el DNI y retirar su t\u00edtulo de bachiller com\u00fan, tanto de orientaci\u00f3n en Gesti\u00f3n y Administraci\u00f3n como en Ciencias Sociales.<\/p><\/blockquote>\n<p>&nbsp;<\/p>\n<p><img data-recalc-dims=\"1\" loading=\"lazy\" decoding=\"async\" class=\"aligncenter size-full wp-image-56290\" src=\"https:\/\/i0.wp.com\/cdnoticias.com\/wp-content\/uploads\/2022\/06\/WhatsApp-Image-2022-06-02-at-1.13.00-PM.jpeg?resize=800%2C379&#038;ssl=1\" alt=\"\" width=\"800\" height=\"379\" srcset=\"https:\/\/i0.wp.com\/cdnoticias.com\/wp-content\/uploads\/2022\/06\/WhatsApp-Image-2022-06-02-at-1.13.00-PM.jpeg?w=1280&amp;ssl=1 1280w, https:\/\/i0.wp.com\/cdnoticias.com\/wp-content\/uploads\/2022\/06\/WhatsApp-Image-2022-06-02-at-1.13.00-PM.jpeg?resize=300%2C142&amp;ssl=1 300w, https:\/\/i0.wp.com\/cdnoticias.com\/wp-content\/uploads\/2022\/06\/WhatsApp-Image-2022-06-02-at-1.13.00-PM.jpeg?resize=1024%2C485&amp;ssl=1 1024w, https:\/\/i0.wp.com\/cdnoticias.com\/wp-content\/uploads\/2022\/06\/WhatsApp-Image-2022-06-02-at-1.13.00-PM.jpeg?resize=768%2C364&amp;ssl=1 768w\" sizes=\"auto, (max-width: 800px) 100vw, 800px\" \/><\/p>\n<p>&nbsp;<\/p>\n<p>Es importante destacar que se deber\u00e1 presentar indefectiblemente toda la documentaci\u00f3n obligatoria. De esa manera el o la estudiante tendr\u00e1 un ingreso definitivo al a\u00f1o y comisi\u00f3n correspondiente y un legajo personalizado que acompa\u00f1ar\u00e1 su recorrido educativo.<\/p>\n<p>&nbsp;<\/p>\n<p>Recordamos que<strong> el programa FinEs posibilita a mayores de 18 a\u00f1os a finalizar sus estudios secundarios o rendir materias adeudadas de otras instituciones en forma semipresencial, en la sede m\u00e1s cercana a su domicilio y en horarios pre acordados.<\/strong> Adem\u00e1s, FinEs posee la compatibilidad de inscripci\u00f3n con las Becas Progresar que coordina Anses, de tal forma que se pueda acceder al cobro de una ayuda econ\u00f3mica mientras se lleva adelante la cursada.<\/p>\n","protected":false},"excerpt":{"rendered":"<p>Los interesados e interesadas podr\u00e1n anotarse a partir de la pr\u00f3xima semana en sus dos modalidades: Trayecto Secundario y Deudores<\/p>\n","protected":false},"author":5,"featured_media":56289,"comment_status":"closed","ping_status":"closed","sticky":false,"template":"","format":"standard","meta":{"_jetpack_memberships_contains_paid_content":false,"footnotes":""},"categories":[5,1],"tags":[],"class_list":["post-56288","post","type-post","status-publish","format-standard","has-post-thumbnail","hentry","category-informacion-general","category-portada"],"jetpack_featured_media_url":"https:\/\/i0.wp.com\/cdnoticias.com\/wp-content\/uploads\/2022\/06\/WhatsApp-Image-2022-06-02-at-1.13.01-PM.jpeg?fit=1280%2C606&ssl=1","jetpack_sharing_enabled":true,"_links":{"self":[{"href":"https:\/\/cdnoticias.com\/index.php\/wp-json\/wp\/v2\/posts\/56288","targetHints":{"allow":["GET"]}}],"collection":[{"href":"https:\/\/cdnoticias.com\/index.php\/wp-json\/wp\/v2\/posts"}],"about":[{"href":"https:\/\/cdnoticias.com\/index.php\/wp-json\/wp\/v2\/types\/post"}],"author":[{"embeddable":true,"href":"https:\/\/cdnoticias.com\/index.php\/wp-json\/wp\/v2\/users\/5"}],"replies":[{"embeddable":true,"href":"https:\/\/cdnoticias.com\/index.php\/wp-json\/wp\/v2\/comments?post=56288"}],"version-history":[{"count":0,"href":"https:\/\/cdnoticias.com\/index.php\/wp-json\/wp\/v2\/posts\/56288\/revisions"}],"wp:featuredmedia":[{"embeddable":true,"href":"https:\/\/cdnoticias.com\/index.php\/wp-json\/wp\/v2\/media\/56289"}],"wp:attachment":[{"href":"https:\/\/cdnoticias.com\/index.php\/wp-json\/wp\/v2\/media?parent=56288"}],"wp:term":[{"taxonomy":"category","embeddable":true,"href":"https:\/\/cdnoticias.com\/index.php\/wp-json\/wp\/v2\/categories?post=56288"},{"taxonomy":"post_tag","embeddable":true,"href":"https:\/\/cdnoticias.com\/index.php\/wp-json\/wp\/v2\/tags?post=56288"}],"curies":[{"name":"wp","href":"https:\/\/api.w.org\/{rel}","templated":true}]}}