{"id":56266,"date":"2022-06-02T12:20:15","date_gmt":"2022-06-02T15:20:15","guid":{"rendered":"https:\/\/www.centraldenoticias.com.ar\/?p=56266"},"modified":"2022-06-02T13:13:14","modified_gmt":"2022-06-02T16:13:14","slug":"fue-femicidio-organizaciones-repudian-el-fallo-en-la-causa-de-riva-de-neira","status":"publish","type":"post","link":"https:\/\/cdnoticias.com\/index.php\/2022\/06\/02\/fue-femicidio-organizaciones-repudian-el-fallo-en-la-causa-de-riva-de-neira\/","title":{"rendered":"\u201cFue Femicidio\u201d: organizaciones repudian el fallo en la causa Riva de Neira"},"content":{"rendered":"<p>Un jurado integrado por doce civiles dej\u00f3 en libertad a Lucas Kessler, \u00fanico acusado y detenido por el asesinato de Mar\u00eda Luj\u00e1n Riva de Neira.<!--more--><\/p>\n<hr \/>\n<p>Mujeres y disidencias de Olavarr\u00eda integrantes de diferentes sectores de participaci\u00f3n pol\u00edtica y de pertenencias partidarias, expresaron p\u00fablicamente el repudio al veredicto que<a href=\"https:\/\/cdnoticias.com\/index.php\/2022\/05\/27\/riva-de-neira-en-juicio-por-jurado-declararon-no-culpable-al-unico-detenido\/\" target=\"_blank\" rel=\"noopener\"> absolvi\u00f3 el 26 de mayo de 2022 a Lucas Kessler,<\/a> \u00fanico imputado y detenido en la causa por el asesinato de Mar\u00eda Luj\u00e1n Riva de Neira cometido en 2018.<\/p>\n<p>&nbsp;<\/p>\n<p>\u201cUn veredicto de estas caracter\u00edsticas nos arroja en la cara <strong>la desidia que el sistema judicial aplica sobre nuestros cuerpos y nuestras vidas<\/strong>, enmarcados en una sociedad en la que hist\u00f3ricamente hemos sido materia descartable\u201d, indicaron.<\/p>\n<p>&nbsp;<\/p>\n<p>Resaltaron que la causa <strong>\u201cnunca incorpor\u00f3 el agravante por mediar violencia de g\u00e9nero\u201d<\/strong> por lo que sostienen \u201cla necesidad de transversalizar la perspectiva de g\u00e9nero en el Poder Judicial\u201d.<\/p>\n<p>&nbsp;<\/p>\n<p>Adem\u00e1s, destacaron \u201cla importancia de investigar las muertes violentas de mujeres y personas del colectivo de las disidencias, desde el inicio del proceso, como <strong>presunci\u00f3n de femicidio<\/strong>\u201d.<\/p>\n<p>&nbsp;<\/p>\n<p>Pidieron revisar los procedimientos llevados adelante en la modalidad de juicios por jurados para delitos cometidos por motivos de g\u00e9nero <strong>\u201cy tambi\u00e9n, las responsabilidades que recaen -en estos casos- sobre las instituciones del Poder Judicial\u201d.<\/strong><\/p>\n<p>&nbsp;<\/p>\n<p>\u201cEs importante aclarar que el juicio por jurados -conformado por 12 ciudadanos y ciudadanas- no permite la revisi\u00f3n de la sentencia en una segunda instancia cuando las personas enjuiciadas son declaradas \u201cno culpables\u201d como en este caso. <strong>No hay justicia para Mar\u00eda Lujan ni posible reparaci\u00f3n para su familia<\/strong>\u201d, indicaron.<\/p>\n<p>&nbsp;<\/p>\n<p>Por otra parte, afirmaron que \u201cexisten sobradas pruebas de que el denominado &#8220;juicio por jurados&#8221; <strong>es un recurso que -aunque leg\u00edtimo- es elegido por la defensa de los acusados y no por las familias de las v\u00edctimas<\/strong> en el contexto de una sociedad que pareciera no estar preparada para juzgar estos casos con perspectiva de g\u00e9nero\u201d.<\/p>\n<p>&nbsp;<\/p>\n<p>El documento culmina con el pedido de <strong>\u201cJusticia por Mar\u00eda Luj\u00e1n Riva de Neira. Fue Femicidio. Ni Una Menos, Vivas Nos Queremos\u201d.<\/strong><\/p>\n<p>&nbsp;<\/p>\n<p><strong>El comunicado completo<\/strong><\/p>\n<p>&nbsp;<\/p>\n<p><img data-recalc-dims=\"1\" loading=\"lazy\" decoding=\"async\" class=\"aligncenter wp-image-56267 size-large\" src=\"https:\/\/i0.wp.com\/cdnoticias.com\/wp-content\/uploads\/2022\/06\/01.jpg?resize=800%2C800&#038;ssl=1\" alt=\"\" width=\"800\" height=\"800\" srcset=\"https:\/\/i0.wp.com\/cdnoticias.com\/wp-content\/uploads\/2022\/06\/01.jpg?resize=1024%2C1024&amp;ssl=1 1024w, https:\/\/i0.wp.com\/cdnoticias.com\/wp-content\/uploads\/2022\/06\/01.jpg?resize=300%2C300&amp;ssl=1 300w, https:\/\/i0.wp.com\/cdnoticias.com\/wp-content\/uploads\/2022\/06\/01.jpg?resize=150%2C150&amp;ssl=1 150w, https:\/\/i0.wp.com\/cdnoticias.com\/wp-content\/uploads\/2022\/06\/01.jpg?resize=768%2C768&amp;ssl=1 768w, https:\/\/i0.wp.com\/cdnoticias.com\/wp-content\/uploads\/2022\/06\/01.jpg?w=1241&amp;ssl=1 1241w\" sizes=\"auto, (max-width: 800px) 100vw, 800px\" \/><\/p>\n<p><img data-recalc-dims=\"1\" loading=\"lazy\" decoding=\"async\" class=\"aligncenter wp-image-56268 size-large\" src=\"https:\/\/i0.wp.com\/cdnoticias.com\/wp-content\/uploads\/2022\/06\/02.jpg?resize=800%2C800&#038;ssl=1\" alt=\"\" width=\"800\" height=\"800\" srcset=\"https:\/\/i0.wp.com\/cdnoticias.com\/wp-content\/uploads\/2022\/06\/02.jpg?resize=1024%2C1024&amp;ssl=1 1024w, https:\/\/i0.wp.com\/cdnoticias.com\/wp-content\/uploads\/2022\/06\/02.jpg?resize=300%2C300&amp;ssl=1 300w, https:\/\/i0.wp.com\/cdnoticias.com\/wp-content\/uploads\/2022\/06\/02.jpg?resize=150%2C150&amp;ssl=1 150w, https:\/\/i0.wp.com\/cdnoticias.com\/wp-content\/uploads\/2022\/06\/02.jpg?resize=768%2C768&amp;ssl=1 768w, https:\/\/i0.wp.com\/cdnoticias.com\/wp-content\/uploads\/2022\/06\/02.jpg?w=1241&amp;ssl=1 1241w\" sizes=\"auto, (max-width: 800px) 100vw, 800px\" \/><\/p>\n<p><img data-recalc-dims=\"1\" loading=\"lazy\" decoding=\"async\" class=\"aligncenter wp-image-56269 size-large\" src=\"https:\/\/i0.wp.com\/cdnoticias.com\/wp-content\/uploads\/2022\/06\/doc-3.jpg?resize=800%2C800&#038;ssl=1\" alt=\"\" width=\"800\" height=\"800\" srcset=\"https:\/\/i0.wp.com\/cdnoticias.com\/wp-content\/uploads\/2022\/06\/doc-3.jpg?resize=1024%2C1024&amp;ssl=1 1024w, https:\/\/i0.wp.com\/cdnoticias.com\/wp-content\/uploads\/2022\/06\/doc-3.jpg?resize=300%2C300&amp;ssl=1 300w, https:\/\/i0.wp.com\/cdnoticias.com\/wp-content\/uploads\/2022\/06\/doc-3.jpg?resize=150%2C150&amp;ssl=1 150w, https:\/\/i0.wp.com\/cdnoticias.com\/wp-content\/uploads\/2022\/06\/doc-3.jpg?resize=768%2C768&amp;ssl=1 768w, https:\/\/i0.wp.com\/cdnoticias.com\/wp-content\/uploads\/2022\/06\/doc-3.jpg?w=1241&amp;ssl=1 1241w\" sizes=\"auto, (max-width: 800px) 100vw, 800px\" \/><\/p>\n","protected":false},"excerpt":{"rendered":"<p>Un jurado integrado por doce civiles dej\u00f3 en libertad a Lucas Kessler, \u00fanico acusado y detenido por el asesinato de<\/p>\n","protected":false},"author":5,"featured_media":14003,"comment_status":"closed","ping_status":"closed","sticky":false,"template":"","format":"standard","meta":{"_jetpack_memberships_contains_paid_content":false,"footnotes":""},"categories":[3,1],"tags":[],"class_list":["post-56266","post","type-post","status-publish","format-standard","has-post-thumbnail","hentry","category-genero","category-portada"],"jetpack_featured_media_url":"https:\/\/i0.wp.com\/cdnoticias.com\/wp-content\/uploads\/2021\/02\/marcha04.jpg?fit=800%2C445&ssl=1","jetpack_sharing_enabled":true,"_links":{"self":[{"href":"https:\/\/cdnoticias.com\/index.php\/wp-json\/wp\/v2\/posts\/56266","targetHints":{"allow":["GET"]}}],"collection":[{"href":"https:\/\/cdnoticias.com\/index.php\/wp-json\/wp\/v2\/posts"}],"about":[{"href":"https:\/\/cdnoticias.com\/index.php\/wp-json\/wp\/v2\/types\/post"}],"author":[{"embeddable":true,"href":"https:\/\/cdnoticias.com\/index.php\/wp-json\/wp\/v2\/users\/5"}],"replies":[{"embeddable":true,"href":"https:\/\/cdnoticias.com\/index.php\/wp-json\/wp\/v2\/comments?post=56266"}],"version-history":[{"count":0,"href":"https:\/\/cdnoticias.com\/index.php\/wp-json\/wp\/v2\/posts\/56266\/revisions"}],"wp:featuredmedia":[{"embeddable":true,"href":"https:\/\/cdnoticias.com\/index.php\/wp-json\/wp\/v2\/media\/14003"}],"wp:attachment":[{"href":"https:\/\/cdnoticias.com\/index.php\/wp-json\/wp\/v2\/media?parent=56266"}],"wp:term":[{"taxonomy":"category","embeddable":true,"href":"https:\/\/cdnoticias.com\/index.php\/wp-json\/wp\/v2\/categories?post=56266"},{"taxonomy":"post_tag","embeddable":true,"href":"https:\/\/cdnoticias.com\/index.php\/wp-json\/wp\/v2\/tags?post=56266"}],"curies":[{"name":"wp","href":"https:\/\/api.w.org\/{rel}","templated":true}]}}