{"id":56245,"date":"2022-06-05T09:33:21","date_gmt":"2022-06-05T12:33:21","guid":{"rendered":"https:\/\/www.centraldenoticias.com.ar\/?p=56245"},"modified":"2022-06-05T11:04:18","modified_gmt":"2022-06-05T14:04:18","slug":"romina-baldi-repensar-el-desarrollo-sostenible-para-enfrentar-la-crisis-ambiental","status":"publish","type":"post","link":"https:\/\/cdnoticias.com\/index.php\/2022\/06\/05\/romina-baldi-repensar-el-desarrollo-sostenible-para-enfrentar-la-crisis-ambiental\/","title":{"rendered":"Romina Baldi: &#8220;Repensar el desarrollo sostenible para enfrentar la crisis ambiental&#8221;"},"content":{"rendered":"<p>En el marco del D\u00eda Mundial del Medio Ambiente, una referente de la Facultad de Ingenier\u00eda analiz\u00f3 los desaf\u00edos urgentes y el trabajo que se realiza desde la casa de altos estudios.<!--more--><\/p>\n<hr \/>\n<p><strong>\u201cUna sola Tierra\u201d<\/strong> es el lema del <strong>D\u00eda Mundial del Medio Ambiente 2022,<\/strong> constituy\u00e9ndose en un llamado a vivir de manera sostenible y en armon\u00eda con la naturaleza. A 50 a\u00f1os de la designaci\u00f3n del 5 de junio como fecha clave para analizar y accionar sobre la preservaci\u00f3n del planeta por parte de Naciones Unidas, <strong>los desaf\u00edos para generar estilos de vida m\u00e1s limpios son cada vez m\u00e1s urgentes.<\/strong><\/p>\n<p>&nbsp;<\/p>\n<p>En este a\u00f1o pospand\u00e9mico, \u201cla fecha nos invita a reflexionar, a repensar, a poner en palabras temas inc\u00f3modos, es una puerta de entrada a visibilizar y entender que el cambio clim\u00e1tico, la p\u00e9rdida de biodiversidad y la contaminaci\u00f3n representan los tres grandes ejes que ponen en riesgo nuestra forma de entender la vida en la Tierra y que somos protagonistas en esta historia\u201d, analiza la <strong>licenciada Romina Baldi, referente de la Facultad de Ingenier\u00eda y especialista en tem\u00e1ticas ambientales.<\/strong><\/p>\n<p>&nbsp;<\/p>\n<p>La salud del Planeta se puede abordar a trav\u00e9s de diferentes dimensiones y desde diversos lugares. \u201cSi se consideran aspectos t\u00e9cnicos, cifras duras y reales, que las hay y son alarmantes, nos muestran que <strong>nuestras horas en el Planeta tal como las conocemos hoy tienen fecha de vencimiento<\/strong>\u201d, advierte Baldi, que es master en Ingenier\u00eda Ambiental.<\/p>\n<p>&nbsp;<\/p>\n<p>En ese contexto, \u201cpodemos asumir nuestro rol en este escenario, sentirnos protagonistas de esto que alguna vez escuchamos y sentimos como apocal\u00edptico, y entender que si como Humanidad no elegimos otro rumbo, la Tierra no cuenta con recursos infinitos para satisfacer nuestras \u00b4necesidades\u00b4, nuestras demandas ilimitadas\u201d, enfatiza la docente del <strong>Departamento de Ingenier\u00eda Industrial de la FIO<\/strong> que, adem\u00e1s, es promotora de los <strong>Objetivos de Desarrollo Sostenible en Olavarr\u00eda.<\/strong><\/p>\n<p>&nbsp;<\/p>\n<p><strong>Intenci\u00f3n y miradas<\/strong><\/p>\n<p>&nbsp;<\/p>\n<p>El 5 de junio es un d\u00eda emblem\u00e1tico de la ONU para <strong>promover la conciencia y la acci\u00f3n mundial por el medio ambiente<\/strong> y en estas cinco d\u00e9cadas se ha convertido en la principal plataforma global para la divulgaci\u00f3n p\u00fablica ambiental y es celebrado por millones de personas en todo el mundo.<\/p>\n<p>&nbsp;<\/p>\n<p>Pero la invitaci\u00f3n \u201cse torna con otros tintes si ponemos en esta fecha -adem\u00e1s- nuestra atenci\u00f3n, nuestra intenci\u00f3n y nuestra mirada en todas y cada una de las acciones que tenemos al alcance de la mano y en las cuales venimos aportando desde diversos lugares\u201d, observa la especialista que integra el <strong>Comit\u00e9 Consultivo del programa ECO-FIO.<\/strong><\/p>\n<p>&nbsp;<\/p>\n<p><img data-recalc-dims=\"1\" loading=\"lazy\" decoding=\"async\" class=\"aligncenter size-full wp-image-56246\" src=\"https:\/\/i0.wp.com\/cdnoticias.com\/wp-content\/uploads\/2022\/06\/baldi_.jpg?resize=800%2C553&#038;ssl=1\" alt=\"\" width=\"800\" height=\"553\" srcset=\"https:\/\/i0.wp.com\/cdnoticias.com\/wp-content\/uploads\/2022\/06\/baldi_.jpg?w=1000&amp;ssl=1 1000w, https:\/\/i0.wp.com\/cdnoticias.com\/wp-content\/uploads\/2022\/06\/baldi_.jpg?resize=300%2C207&amp;ssl=1 300w, https:\/\/i0.wp.com\/cdnoticias.com\/wp-content\/uploads\/2022\/06\/baldi_.jpg?resize=768%2C531&amp;ssl=1 768w, https:\/\/i0.wp.com\/cdnoticias.com\/wp-content\/uploads\/2022\/06\/baldi_.jpg?resize=392%2C272&amp;ssl=1 392w, https:\/\/i0.wp.com\/cdnoticias.com\/wp-content\/uploads\/2022\/06\/baldi_.jpg?resize=130%2C90&amp;ssl=1 130w\" sizes=\"auto, (max-width: 800px) 100vw, 800px\" \/><\/p>\n<p>&nbsp;<\/p>\n<p>Se requiere de un alto nivel de ambici\u00f3n de cara al futuro, un fuerte compromiso y \u201cuna mirada que nos permita sentir que si logramos visibilizar la realidad y repensar el desarrollo sostenible para<strong> enfrentar la crisis ambiental,<\/strong> ya estamos siendo parte de esa transformaci\u00f3n que tanto anhelamos\u201d, se\u00f1ala la licenciada Baldi.<\/p>\n<p>&nbsp;<\/p>\n<p><strong>El rol de Ingenier\u00eda<\/strong><\/p>\n<p>&nbsp;<\/p>\n<p>En estos cincuenta a\u00f1os hubo avances significativos en cuanto a la protecci\u00f3n del ambiente. <strong>Un ejemplo es el objetivo clim\u00e1tico de lograr para 2045 las cero emisiones netas y aspirar a un balance negativo de emisiones a partir de entonces.<\/strong><\/p>\n<p>&nbsp;<\/p>\n<p>Pero hay mucho camino por recorrer y demasiados asuntos pendientes. \u201c<strong>Incluir el eje ambiental en la educaci\u00f3n<\/strong>, en diversos niveles, tal como lo venimos haciendo en nuestro pa\u00eds, juega un rol central para visibilizar la problem\u00e1tica y pensar sus posibles abordajes\u201d, reflexiona la acad\u00e9mica.<\/p>\n<p>&nbsp;<\/p>\n<p>El rol que las Universidades pueden asumir en el proceso de transformaci\u00f3n hacia la sostenibilidad es determinante. En este sentido, \u201cla Facultad de Ingenier\u00eda contin\u00faa trabajando en forma continua y en diversas l\u00edneas que abordan tanto desde lo acad\u00e9mico como desde la investigaci\u00f3n, extensi\u00f3n y transferencia el eje ambiental con diferentes aportes\u201d, valora Romina Baldi.<\/p>\n<p>&nbsp;<\/p>\n<p>Actualmente ese grado de compromiso se da en un contexto de \u201crevisi\u00f3n y reformulaci\u00f3n nuestros planes de estudio\u201d por lo que \u201canhelamos que los futuros egresados de la FIO profundicen<strong> una visi\u00f3n integral, hol\u00edstica que les permita en su vida profesional abordar la problem\u00e1tica ambiental en cada acci\u00f3n de la cual formen parte,<\/strong> que se repliquen y potencien acciones que nos permitan so\u00f1ar que un cambio de paradigma es posible\u201d, plantea sobre el final la licenciada Romina Baldi, convencida de que la educaci\u00f3n es la llave para alcanzarlo.<\/p>\n","protected":false},"excerpt":{"rendered":"<p>En el marco del D\u00eda Mundial del Medio Ambiente, una referente de la Facultad de Ingenier\u00eda analiz\u00f3 los desaf\u00edos urgentes<\/p>\n","protected":false},"author":5,"featured_media":56247,"comment_status":"closed","ping_status":"closed","sticky":false,"template":"","format":"standard","meta":{"_jetpack_memberships_contains_paid_content":false,"footnotes":""},"categories":[5,1],"tags":[],"class_list":["post-56245","post","type-post","status-publish","format-standard","has-post-thumbnail","hentry","category-informacion-general","category-portada"],"jetpack_featured_media_url":"https:\/\/i0.wp.com\/cdnoticias.com\/wp-content\/uploads\/2022\/06\/DIA_AMBIENTE-BALDI_2.jpeg?fit=1600%2C1200&ssl=1","jetpack_sharing_enabled":true,"_links":{"self":[{"href":"https:\/\/cdnoticias.com\/index.php\/wp-json\/wp\/v2\/posts\/56245","targetHints":{"allow":["GET"]}}],"collection":[{"href":"https:\/\/cdnoticias.com\/index.php\/wp-json\/wp\/v2\/posts"}],"about":[{"href":"https:\/\/cdnoticias.com\/index.php\/wp-json\/wp\/v2\/types\/post"}],"author":[{"embeddable":true,"href":"https:\/\/cdnoticias.com\/index.php\/wp-json\/wp\/v2\/users\/5"}],"replies":[{"embeddable":true,"href":"https:\/\/cdnoticias.com\/index.php\/wp-json\/wp\/v2\/comments?post=56245"}],"version-history":[{"count":0,"href":"https:\/\/cdnoticias.com\/index.php\/wp-json\/wp\/v2\/posts\/56245\/revisions"}],"wp:featuredmedia":[{"embeddable":true,"href":"https:\/\/cdnoticias.com\/index.php\/wp-json\/wp\/v2\/media\/56247"}],"wp:attachment":[{"href":"https:\/\/cdnoticias.com\/index.php\/wp-json\/wp\/v2\/media?parent=56245"}],"wp:term":[{"taxonomy":"category","embeddable":true,"href":"https:\/\/cdnoticias.com\/index.php\/wp-json\/wp\/v2\/categories?post=56245"},{"taxonomy":"post_tag","embeddable":true,"href":"https:\/\/cdnoticias.com\/index.php\/wp-json\/wp\/v2\/tags?post=56245"}],"curies":[{"name":"wp","href":"https:\/\/api.w.org\/{rel}","templated":true}]}}