{"id":56238,"date":"2022-06-02T18:03:03","date_gmt":"2022-06-02T21:03:03","guid":{"rendered":"https:\/\/www.centraldenoticias.com.ar\/?p=56238"},"modified":"2022-06-02T18:03:03","modified_gmt":"2022-06-02T21:03:03","slug":"vacunacion-covid-el-viernes-en-sierra-chica","status":"publish","type":"post","link":"https:\/\/cdnoticias.com\/index.php\/2022\/06\/02\/vacunacion-covid-el-viernes-en-sierra-chica\/","title":{"rendered":"Vacunaci\u00f3n Covid: el viernes, en Sierra Chica"},"content":{"rendered":"<p>Se realizar\u00e1n aplicaciones en el Centro de Jubilados de 10 a 14. En tanto, el s\u00e1bado la posta itinerante volver\u00e1 al Paseo Mend\u00eda.<!--more--><\/p>\n<hr \/>\n<p>La <strong>Regi\u00f3n Sanitaria IX<\/strong> inform\u00f3 que <strong>el vacunatorio m\u00f3vil estar\u00e1 este viernes 3 en el Centro de Jubilados de Sierra Chica<\/strong> ubicado en la Av. Legorburu 1238, de 10 a 14 hs. En tanto <strong>el s\u00e1bado volver\u00e1 nuevamente la posta itinerante al Paseo Jes\u00fas Mend\u00eda<\/strong>, tambi\u00e9n de 10 a 14 hs.<\/p>\n<p>&nbsp;<\/p>\n<p>Se record\u00f3 que <strong>podr\u00e1n aplicarse primera, segunda, tercera y cuarta dosis<\/strong>, siempre respetando los plazos establecidos por el Ministerio de Salud de la Provincia de Buenos Aires.<\/p>\n<p>&nbsp;<\/p>\n<p><img data-recalc-dims=\"1\" loading=\"lazy\" decoding=\"async\" class=\"aligncenter wp-image-56239\" src=\"https:\/\/i0.wp.com\/cdnoticias.com\/wp-content\/uploads\/2022\/06\/vacunacion-covid-1024x1024.jpeg?resize=450%2C450&#038;ssl=1\" alt=\"\" width=\"450\" height=\"450\" \/><\/p>\n<p>&nbsp;<\/p>\n<p>Adem\u00e1s, <strong>se habilit\u00f3 la vacunaci\u00f3n a personas mayores de 5 a\u00f1os<\/strong> con el primer refuerzo de la vacuna contra el Covid de manera libre, federal y sin turno previo en cualquier posta de la ciudad.<\/p>\n<p>&nbsp;<\/p>\n<p>A la par el Ministerio de Salud bonaerense inform\u00f3 que las personas mayores de 18 a\u00f1os podr\u00e1n acceder a la <strong>segunda dosis de refuerzo libre<\/strong>, cumpliendo como requisito haber cumplido 4 meses desde el primer refuerzo.<\/p>\n<p>&nbsp;<\/p>\n<p>Por consultas, podr\u00e1n acercarse a la <strong>Pe\u00f1a Ciudad de Olavarr\u00eda Boca Jr., Chacabuco 4366<\/strong>, de lunes a domingo de 8 a 16 hs.<\/p>\n","protected":false},"excerpt":{"rendered":"<p>Se realizar\u00e1n aplicaciones en el Centro de Jubilados de 10 a 14. En tanto, el s\u00e1bado la posta itinerante volver\u00e1<\/p>\n","protected":false},"author":4,"featured_media":46973,"comment_status":"closed","ping_status":"closed","sticky":false,"template":"","format":"standard","meta":{"_jetpack_memberships_contains_paid_content":false,"footnotes":""},"categories":[16,1],"tags":[],"class_list":["post-56238","post","type-post","status-publish","format-standard","has-post-thumbnail","hentry","category-covid-19","category-portada"],"jetpack_featured_media_url":"https:\/\/i0.wp.com\/cdnoticias.com\/wp-content\/uploads\/2022\/02\/vacunacion-recalde-00.jpg?fit=800%2C445&ssl=1","jetpack_sharing_enabled":true,"_links":{"self":[{"href":"https:\/\/cdnoticias.com\/index.php\/wp-json\/wp\/v2\/posts\/56238","targetHints":{"allow":["GET"]}}],"collection":[{"href":"https:\/\/cdnoticias.com\/index.php\/wp-json\/wp\/v2\/posts"}],"about":[{"href":"https:\/\/cdnoticias.com\/index.php\/wp-json\/wp\/v2\/types\/post"}],"author":[{"embeddable":true,"href":"https:\/\/cdnoticias.com\/index.php\/wp-json\/wp\/v2\/users\/4"}],"replies":[{"embeddable":true,"href":"https:\/\/cdnoticias.com\/index.php\/wp-json\/wp\/v2\/comments?post=56238"}],"version-history":[{"count":0,"href":"https:\/\/cdnoticias.com\/index.php\/wp-json\/wp\/v2\/posts\/56238\/revisions"}],"wp:featuredmedia":[{"embeddable":true,"href":"https:\/\/cdnoticias.com\/index.php\/wp-json\/wp\/v2\/media\/46973"}],"wp:attachment":[{"href":"https:\/\/cdnoticias.com\/index.php\/wp-json\/wp\/v2\/media?parent=56238"}],"wp:term":[{"taxonomy":"category","embeddable":true,"href":"https:\/\/cdnoticias.com\/index.php\/wp-json\/wp\/v2\/categories?post=56238"},{"taxonomy":"post_tag","embeddable":true,"href":"https:\/\/cdnoticias.com\/index.php\/wp-json\/wp\/v2\/tags?post=56238"}],"curies":[{"name":"wp","href":"https:\/\/api.w.org\/{rel}","templated":true}]}}