{"id":56227,"date":"2022-06-02T08:08:31","date_gmt":"2022-06-02T11:08:31","guid":{"rendered":"https:\/\/www.centraldenoticias.com.ar\/?p=56227"},"modified":"2022-06-02T10:46:16","modified_gmt":"2022-06-02T13:46:16","slug":"explotacion-sexual-infantil-realizaron-allanamientos-en-olavarria","status":"publish","type":"post","link":"https:\/\/cdnoticias.com\/index.php\/2022\/06\/02\/explotacion-sexual-infantil-realizaron-allanamientos-en-olavarria\/","title":{"rendered":"Explotaci\u00f3n sexual infantil: realizaron allanamientos en Olavarr\u00eda"},"content":{"rendered":"<p>Los operativos fueron realizados en los barrios 10 de Junio y Villa Mailin. Secuestraron elementos de inter\u00e9s para la causa.<!--more--><\/p>\n<hr \/>\n<p>Durante la jornada del mi\u00e9rcoles se realizaron dos allanamientos en distintos barrios de la ciudad en el marco de <strong>dos causas<\/strong> llevadas adelante por la UFI N\u00b0 22 del Departamento Judicial de Azul, a cargo del doctor Lucas Moyano.<\/p>\n<p>&nbsp;<\/p>\n<p>En horas de la ma\u00f1ana fueron allanados domicilios en los barrios 10 de Junio y Villa Mailin. Los efectivos policiales secuestraron <strong>equipos telef\u00f3nicos en poder de los imputados, notebooks, dispositivos de almacenamiento inform\u00e1tico (varias tarjetas de memoria) y discos r\u00edgidos, entre otros elementos de inter\u00e9s<\/strong> para la causa.<\/p>\n<p>&nbsp;<\/p>\n<p>Las investigaciones fueron coordinadas, adem\u00e1s de la fiscal\u00eda mencionada, por la DDI Azul y la SubDDI de Olavarr\u00eda y tuvieron su origen en <strong>Reportes NCMEC es decir de la National Center for Missing and Exploited Children (El Centro Nacional para Ni\u00f1os Desaparecidos y Explotados)<\/strong><\/p>\n<p>&nbsp;<\/p>\n<p>Los allanamientos contaron con el aval del doctor Carlos Eduardo Villamar\u00edn, titular del Juzgado de Garant\u00edas N\u00b0 2 de Olavarr\u00eda.<\/p>\n","protected":false},"excerpt":{"rendered":"<p>Los operativos fueron realizados en los barrios 10 de Junio y Villa Mailin. Secuestraron elementos de inter\u00e9s para la causa.<\/p>\n","protected":false},"author":5,"featured_media":56230,"comment_status":"closed","ping_status":"closed","sticky":false,"template":"","format":"standard","meta":{"_jetpack_memberships_contains_paid_content":false,"footnotes":""},"categories":[14,1],"tags":[],"class_list":["post-56227","post","type-post","status-publish","format-standard","has-post-thumbnail","hentry","category-policiales","category-portada"],"jetpack_featured_media_url":"https:\/\/i0.wp.com\/cdnoticias.com\/wp-content\/uploads\/2022\/06\/WhatsApp-Image-2022-06-01-at-8.46.57-PM.jpeg?fit=852%2C474&ssl=1","jetpack_sharing_enabled":true,"_links":{"self":[{"href":"https:\/\/cdnoticias.com\/index.php\/wp-json\/wp\/v2\/posts\/56227","targetHints":{"allow":["GET"]}}],"collection":[{"href":"https:\/\/cdnoticias.com\/index.php\/wp-json\/wp\/v2\/posts"}],"about":[{"href":"https:\/\/cdnoticias.com\/index.php\/wp-json\/wp\/v2\/types\/post"}],"author":[{"embeddable":true,"href":"https:\/\/cdnoticias.com\/index.php\/wp-json\/wp\/v2\/users\/5"}],"replies":[{"embeddable":true,"href":"https:\/\/cdnoticias.com\/index.php\/wp-json\/wp\/v2\/comments?post=56227"}],"version-history":[{"count":0,"href":"https:\/\/cdnoticias.com\/index.php\/wp-json\/wp\/v2\/posts\/56227\/revisions"}],"wp:featuredmedia":[{"embeddable":true,"href":"https:\/\/cdnoticias.com\/index.php\/wp-json\/wp\/v2\/media\/56230"}],"wp:attachment":[{"href":"https:\/\/cdnoticias.com\/index.php\/wp-json\/wp\/v2\/media?parent=56227"}],"wp:term":[{"taxonomy":"category","embeddable":true,"href":"https:\/\/cdnoticias.com\/index.php\/wp-json\/wp\/v2\/categories?post=56227"},{"taxonomy":"post_tag","embeddable":true,"href":"https:\/\/cdnoticias.com\/index.php\/wp-json\/wp\/v2\/tags?post=56227"}],"curies":[{"name":"wp","href":"https:\/\/api.w.org\/{rel}","templated":true}]}}