{"id":56185,"date":"2022-06-08T08:16:28","date_gmt":"2022-06-08T11:16:28","guid":{"rendered":"https:\/\/www.centraldenoticias.com.ar\/?p=56185"},"modified":"2022-06-08T08:16:28","modified_gmt":"2022-06-08T11:16:28","slug":"se-presentara-la-obra-teatral-los-heroes-de-la-patria","status":"publish","type":"post","link":"https:\/\/cdnoticias.com\/index.php\/2022\/06\/08\/se-presentara-la-obra-teatral-los-heroes-de-la-patria\/","title":{"rendered":"Se presentar\u00e1 la obra teatral \u201cLos H\u00e9roes de la Patria&#8221;"},"content":{"rendered":"<p>Ser\u00e1 el viernes 10 de junio a las 19:00 en el Centro Cultural Universitario. Es gratuita y abierta al p\u00fablico en general. <!--more--><\/p>\n<hr \/>\n<p>&nbsp;<\/p>\n<p><strong>La obra teatral &#8220;Los H\u00e9roes de la Patria&#8221;<\/strong> es una <strong>comedia negra<\/strong> desarrollada en cuatro actos independientes uno del otro, pero que, a su vez, todos est\u00e1n relacionados directa o indirectamente con la historia principal que parte de una premisa: \u00bfQui\u00e9nes son los verdaderos h\u00e9roes de la patria de hoy?<\/p>\n<p>&nbsp;<\/p>\n<p>Se presentar\u00e1 el <strong>viernes 10 de junio a las 19:00 en el Centro Cultural Universitario<\/strong>, ubicado en<strong> San Mart\u00edn 1955<\/strong>. <strong>Es gratuita y abierta al p\u00fablico en general<\/strong>. Adem\u00e1s, la obra se presentar\u00e1 en la <strong>Unidad Penal N\u00ba38.<\/strong><\/p>\n<p>&nbsp;<\/p>\n<p>&#8220;Un asesor pol\u00edtico maquiav\u00e9lico e inescrupuloso, un sindicalista dionisiaco y extravagante, un joven militante partidario de ideas reaccionarias y por \u00faltimo, un trabajador de clase media que decide poner en pr\u00e1ctica sus ideales sanmartinianos, se disputan en una batalla encarnizada de humor, s\u00e1tira y reflexi\u00f3n que ocupar\u00e1 las p\u00e1ginas de los libros de historia dejando en evidencia que en realidad todos son unos verdaderos HDP&#8221; se indic\u00f3.<\/p>\n<p>&nbsp;<\/p>\n<p>La actividad es organizada por la Facultad de Ciencias Sociales, el Programa Integral de Acceso a Derechos en C\u00e1rceles UNICEN, la Secretar\u00eda de Extensi\u00f3n UNICEN y el Centro Cultural Itinerante El Musguito.<\/p>\n<p>&nbsp;<\/p>\n<p>Dramaturgia y Direcci\u00f3n:\u00a0Nicol\u00e1s Arizcuren<\/p>\n<p>Actuaci\u00f3n:\u00a0Franco Di Menna<\/p>\n<p>Dise\u00f1o sonoro:\u00a0Juli\u00e1n Rodr\u00edguez<\/p>\n<p>Dise\u00f1o gr\u00e1fico:\u00a0Fantomas (Facundo Lazarte)<\/p>\n<p>Producci\u00f3n General:\u00a0Ministerio de contracultura<\/p>\n<p>Sponsors: DP Dar\u00edo Plotter<\/p>\n<p>&nbsp;<\/p>\n","protected":false},"excerpt":{"rendered":"<p>Ser\u00e1 el viernes 10 de junio a las 19:00 en el Centro Cultural Universitario. Es gratuita y abierta al p\u00fablico<\/p>\n","protected":false},"author":6,"featured_media":56189,"comment_status":"closed","ping_status":"closed","sticky":false,"template":"","format":"standard","meta":{"_jetpack_memberships_contains_paid_content":false,"footnotes":""},"categories":[5,1],"tags":[],"class_list":["post-56185","post","type-post","status-publish","format-standard","has-post-thumbnail","hentry","category-informacion-general","category-portada"],"jetpack_featured_media_url":"https:\/\/i0.wp.com\/cdnoticias.com\/wp-content\/uploads\/2022\/06\/Diseno-sin-titulo-28.jpg?fit=1920%2C1080&ssl=1","jetpack_sharing_enabled":true,"_links":{"self":[{"href":"https:\/\/cdnoticias.com\/index.php\/wp-json\/wp\/v2\/posts\/56185","targetHints":{"allow":["GET"]}}],"collection":[{"href":"https:\/\/cdnoticias.com\/index.php\/wp-json\/wp\/v2\/posts"}],"about":[{"href":"https:\/\/cdnoticias.com\/index.php\/wp-json\/wp\/v2\/types\/post"}],"author":[{"embeddable":true,"href":"https:\/\/cdnoticias.com\/index.php\/wp-json\/wp\/v2\/users\/6"}],"replies":[{"embeddable":true,"href":"https:\/\/cdnoticias.com\/index.php\/wp-json\/wp\/v2\/comments?post=56185"}],"version-history":[{"count":0,"href":"https:\/\/cdnoticias.com\/index.php\/wp-json\/wp\/v2\/posts\/56185\/revisions"}],"wp:featuredmedia":[{"embeddable":true,"href":"https:\/\/cdnoticias.com\/index.php\/wp-json\/wp\/v2\/media\/56189"}],"wp:attachment":[{"href":"https:\/\/cdnoticias.com\/index.php\/wp-json\/wp\/v2\/media?parent=56185"}],"wp:term":[{"taxonomy":"category","embeddable":true,"href":"https:\/\/cdnoticias.com\/index.php\/wp-json\/wp\/v2\/categories?post=56185"},{"taxonomy":"post_tag","embeddable":true,"href":"https:\/\/cdnoticias.com\/index.php\/wp-json\/wp\/v2\/tags?post=56185"}],"curies":[{"name":"wp","href":"https:\/\/api.w.org\/{rel}","templated":true}]}}