{"id":56169,"date":"2022-06-01T16:34:28","date_gmt":"2022-06-01T19:34:28","guid":{"rendered":"https:\/\/www.centraldenoticias.com.ar\/?p=56169"},"modified":"2022-06-01T16:34:28","modified_gmt":"2022-06-01T19:34:28","slug":"valeria-milia-se-incorporo-a-hacer-olavarria","status":"publish","type":"post","link":"https:\/\/cdnoticias.com\/index.php\/2022\/06\/01\/valeria-milia-se-incorporo-a-hacer-olavarria\/","title":{"rendered":"Valeria Mil\u00eda se incorpor\u00f3 a \u201cHacer Olavarr\u00eda\u201d"},"content":{"rendered":"<p>\u201cUna de las acciones concretas que llevaremos adelante es acompa\u00f1ar diferentes propuestas legislativas del senador Bali Bucca\u201d declararon desde la agrupaci\u00f3n.<!--more--><\/p>\n<hr \/>\n<p>Durante la campa\u00f1a electoral del a\u00f1o 2021 <a href=\"https:\/\/cdnoticias.com\/index.php\/2021\/10\/15\/con-la-presencia-de-eduardo-bali-bucca-lanzaron-la-agrupacion-hacer-olavarria\/\" target=\"_blank\" rel=\"noopener\">se cre\u00f3 el espacio pol\u00edtico local \u201cHacer Olavarr\u00eda\u201d<\/a> referenciado en Frente de Todos. <strong>\u201cEn aquella oportunidad se trabaj\u00f3 con \u00e9xito para que Eduardo \u00b4Bali\u00b4 Bucca acceda a una banca en el Senado de la Provincia de Buenos Aires<\/strong>, logrando as\u00ed que el Frente de Todos pueda tener 23 bancas y de esta forma permitir que no se traben en la C\u00e1mara los proyectos del Gobernador Axel Kicillof\u201d se indic\u00f3 a trav\u00e9s de una gacetilla.<\/p>\n<p>&nbsp;<\/p>\n<p>A trav\u00e9s de un comunicado, <strong>se destac\u00f3 que Valeria Mil\u00eda se sum\u00f3 a la agrupaci\u00f3n y junto a uno de los referentes, Einar Iguerategui, se mostraron con Bali Bucca<\/strong>.<\/p>\n<p>&nbsp;<\/p>\n<blockquote><p>En ese sentido, se hizo hincapi\u00e9 en que la \u201cagrupaci\u00f3n ha ido creciendo incorporando dirigentes, entre otros, se sumaron el ex Subsecretario de Cultura Profesor Diego Lurbe y la ex Delegada Municipal de Loma Negra Valeria Mil\u00eda\u201d al tiempo que se adelant\u00f3 que \u201cuna de las acciones concretas que llevaremos adelante es acompa\u00f1ar diferentes propuestas legislativas del senador Bali Bucca\u201d.<\/p><\/blockquote>\n<p>&nbsp;<\/p>\n<p>Tambi\u00e9n se hizo saber que se mantuvieron visitas a instituciones y conversaciones con vecinos: <strong>\u201cnos encontramos con una problem\u00e1tica com\u00fan que son las trabas burocr\u00e1ticas que pone el Estado<\/strong> en sus diferentes esferas a la hora de realizar gestiones o tr\u00e1mites. Desde nuestra agrupaci\u00f3n nos hemos comprometido en trabajar fuertemente y pensar distintas alternativas y propuestas que puedan ayudar a romper con dichas barreras, entendiendo que desburocratizar el Estado ayuda a hacerlo m\u00e1s presente y fuerte\u201d.<\/p>\n<p>&nbsp;<\/p>\n<p><strong>\u201cEl partido de Olavarr\u00eda tiene un potencial extraordinario<\/strong>, que no aparece en su verdadera dimensi\u00f3n en los \u00faltimos a\u00f1os, pues <strong>la gesti\u00f3n de Galli es muy chata\u201d<\/strong> sostuvieron desde Hacer Olavarr\u00eda.<\/p>\n<p>&nbsp;<\/p>\n<blockquote><p>La agrupaci\u00f3n defini\u00f3 que \u201ctrabaja focalizada en proyectos con el objetivo de construir una Olavarr\u00eda inclusiva, con trabajo y futuro para todos sus habitantes. En ese marco tambi\u00e9n entendemos que el Frente de Todos debe continuar e incrementar la participaci\u00f3n de todas aquellas personas que quieran sumarse a trabajar para recuperar el Municipio y tener en la ciudad una gesti\u00f3n progresista, con equipos de gobierno preparados en el marco de un proyecto local\u201d.<\/p><\/blockquote>\n","protected":false},"excerpt":{"rendered":"<p>\u201cUna de las acciones concretas que llevaremos adelante es acompa\u00f1ar diferentes propuestas legislativas del senador Bali Bucca\u201d declararon desde la<\/p>\n","protected":false},"author":4,"featured_media":56166,"comment_status":"closed","ping_status":"closed","sticky":false,"template":"","format":"standard","meta":{"_jetpack_memberships_contains_paid_content":false,"footnotes":""},"categories":[4,1],"tags":[],"class_list":["post-56169","post","type-post","status-publish","format-standard","has-post-thumbnail","hentry","category-politica","category-portada"],"jetpack_featured_media_url":"https:\/\/i0.wp.com\/cdnoticias.com\/wp-content\/uploads\/2022\/06\/milia-iguerategui-bali.jpg?fit=800%2C445&ssl=1","jetpack_sharing_enabled":true,"_links":{"self":[{"href":"https:\/\/cdnoticias.com\/index.php\/wp-json\/wp\/v2\/posts\/56169","targetHints":{"allow":["GET"]}}],"collection":[{"href":"https:\/\/cdnoticias.com\/index.php\/wp-json\/wp\/v2\/posts"}],"about":[{"href":"https:\/\/cdnoticias.com\/index.php\/wp-json\/wp\/v2\/types\/post"}],"author":[{"embeddable":true,"href":"https:\/\/cdnoticias.com\/index.php\/wp-json\/wp\/v2\/users\/4"}],"replies":[{"embeddable":true,"href":"https:\/\/cdnoticias.com\/index.php\/wp-json\/wp\/v2\/comments?post=56169"}],"version-history":[{"count":0,"href":"https:\/\/cdnoticias.com\/index.php\/wp-json\/wp\/v2\/posts\/56169\/revisions"}],"wp:featuredmedia":[{"embeddable":true,"href":"https:\/\/cdnoticias.com\/index.php\/wp-json\/wp\/v2\/media\/56166"}],"wp:attachment":[{"href":"https:\/\/cdnoticias.com\/index.php\/wp-json\/wp\/v2\/media?parent=56169"}],"wp:term":[{"taxonomy":"category","embeddable":true,"href":"https:\/\/cdnoticias.com\/index.php\/wp-json\/wp\/v2\/categories?post=56169"},{"taxonomy":"post_tag","embeddable":true,"href":"https:\/\/cdnoticias.com\/index.php\/wp-json\/wp\/v2\/tags?post=56169"}],"curies":[{"name":"wp","href":"https:\/\/api.w.org\/{rel}","templated":true}]}}