{"id":56162,"date":"2022-06-01T12:25:13","date_gmt":"2022-06-01T15:25:13","guid":{"rendered":"https:\/\/www.centraldenoticias.com.ar\/?p=56162"},"modified":"2022-06-01T12:25:13","modified_gmt":"2022-06-01T15:25:13","slug":"faltante-de-gasoil-el-gobierno-aumentara-la-importacion","status":"publish","type":"post","link":"https:\/\/cdnoticias.com\/index.php\/2022\/06\/01\/faltante-de-gasoil-el-gobierno-aumentara-la-importacion\/","title":{"rendered":"Faltante de gasoil: el Gobierno aumentar\u00e1 la importaci\u00f3n"},"content":{"rendered":"<p>\u201cSe preve\u00eda un faltante de combustible, se va a importar m\u00e1s\u201d, reconoci\u00f3 el jefe de Gabinete, Juan Manzur.\u00a0El Mapa de abastecimiento de gasoil de la Federaci\u00f3n Argentina de Entidades Empresarias del Autotransporte de Cargas (Fadeeac).<!--more--><\/p>\n<hr \/>\n<p><strong>El jefe de Gabinete del presidente Alberto Fern\u00e1ndez, Juan Manzur, analiz\u00f3 este mi\u00e9rcoles a la escasez de combustible<\/strong> denunciada en varias provincias, admiti\u00f3 que <strong>es un problema a solucionar con m\u00e1s importaci\u00f3n<\/strong> y remarc\u00f3 que desde el Gobierno est\u00e1n trabajando para resolverlo en los pr\u00f3ximos d\u00edas.<\/p>\n<p>&nbsp;<\/p>\n<blockquote><p>\u201cYa se preve\u00eda una escasez de combustible, pero vamos a importar m\u00e1s, por lo que esto se va a resolver entre hoy y ma\u00f1ana\u201d, lanz\u00f3 Manzur en Casa Rosada previo a una nueva reuni\u00f3n de Gabinete.<\/p><\/blockquote>\n<p>&nbsp;<\/p>\n<p>\u201cEstuvimos reunidos en el \u00faltimo encuentro con los gobernadores del norte grande, las diez provincias. Se tocaron m\u00faltiples temas que tienen que ver con las <strong>econom\u00edas regionales, con infraestructura,<\/strong> y entre ellos se preve\u00eda una escasez, un faltante de combustible\u201d, afirm\u00f3 el funcionario nacional y agreg\u00f3: \u201cEn este sentido estamos trabajando. <strong>Ayer habl\u00e9 con las autoridades, se va a resolver en el trascurso de hoy o de ma\u00f1ana. Se va a importar m\u00e1s\u201d.<\/strong><\/p>\n<p>&nbsp;<\/p>\n<p>Cabe recordar que en las \u00faltimas horas <strong>Fadeeac, la c\u00e1mara nacional que agrupa a las empresas de transporte de cargas, lanz\u00f3 una alerta porque hay \u201c8 provincias en rojo\u201d, es decir con muy bajo o nulo suministro de gasoil<\/strong> en las estaciones de servicio. Se trata de <em>Jujuy, Salta, Formosa, Tucum\u00e1n, Misiones, Corrientes, Santa Fe y Entre R\u00edos<\/em>.<\/p>\n<p>&nbsp;<\/p>\n<blockquote><p>En Olavarr\u00eda el panorama es igualmente dif\u00edcil: \u201ces una situaci\u00f3n de desabastecimiento diario. Todos los d\u00edas las estaciones nos quedamos sin gasoil. Esto se est\u00e1 dando de norte a sur y de este a oeste, es una grave crisis y es muy preocupante.<a href=\"https:\/\/cdnoticias.com\/index.php\/2022\/05\/31\/gasoil-nunca-he-vivido-un-desabastecimiento-tan-prolongado\/\" target=\"_blank\" rel=\"noopener\"> En la experiencia de tantos a\u00f1os que tengo en las estaciones de servicio nunca he vivido un desabastecimiento tan prolongado<\/a>\u201d dijo a Central de Noticias Jorge Hernando, presidente de la C\u00e1mara de Estaciones de Servicio de Olavarr\u00eda.<\/p><\/blockquote>\n<p>&nbsp;<\/p>\n<p><img data-recalc-dims=\"1\" loading=\"lazy\" decoding=\"async\" class=\"aligncenter wp-image-56163\" src=\"https:\/\/i0.wp.com\/cdnoticias.com\/wp-content\/uploads\/2022\/06\/fadeeac-combustible-gasoil.jpg?resize=450%2C637&#038;ssl=1\" alt=\"\" width=\"450\" height=\"637\" srcset=\"https:\/\/i0.wp.com\/cdnoticias.com\/wp-content\/uploads\/2022\/06\/fadeeac-combustible-gasoil.jpg?w=595&amp;ssl=1 595w, https:\/\/i0.wp.com\/cdnoticias.com\/wp-content\/uploads\/2022\/06\/fadeeac-combustible-gasoil.jpg?resize=212%2C300&amp;ssl=1 212w\" sizes=\"auto, (max-width: 450px) 100vw, 450px\" \/><\/p>\n<p>&nbsp;<\/p>\n<p><strong>El informe de Fadeeac<\/strong><\/p>\n<p>&nbsp;<\/p>\n<p><strong>\u201cLas rutas 14, 34, 9, 12 y 7 son las que sufren mayor desabastecimiento de combustible,<\/strong> al tiempo que aumentan las provincias en rojo, naranja y amarillo en <strong>el \u2018Mapa de abastecimiento de gasoil, creado por t\u00e9cnicos de la Federaci\u00f3n Argentina de Entidades Empresarias del Autotransporte de Cargas (Fadeeac)\u201d<\/strong>, sostiene un informe titulado \u201cEl sem\u00e1foro de combustible se ti\u00f1e de rojo\u201d.<\/p>\n<p>&nbsp;<\/p>\n<p>Se trata de un sem\u00e1foro virtual que tiene como objetivo<strong> monitorear en tiempo real la disponibilidad de combustible en Argentina<\/strong>.<\/p>\n<p>&nbsp;<\/p>\n<blockquote class=\"twitter-tweet\">\n<p dir=\"ltr\" lang=\"es\">El sem\u00e1foro del combustible de FADEEAC se ti\u00f1e de rojo<\/p>\n<p>Las rutas 14, 34, 9, 12 y 7 son las que sufren mayor desabastecimiento de combustible, al tiempo que aumentan las provincias en rojo, naranja y amarillo en el \u201cMapa de abastecimiento de gasoil\u201d.<a href=\"https:\/\/t.co\/8SsNCNEsPk\">https:\/\/t.co\/8SsNCNEsPk<\/a><\/p>\n<p>\u2014 FADEEAC (@FADEEAC) <a href=\"https:\/\/twitter.com\/FADEEAC\/status\/1531339816725786624?ref_src=twsrc%5Etfw\">May 30, 2022<\/a><\/p><\/blockquote>\n<p><script async src=\"https:\/\/platform.twitter.com\/widgets.js\" charset=\"utf-8\"><\/script><\/p>\n<p>&nbsp;<\/p>\n<p>Ese mapa, adem\u00e1s de las 8 provincias en rojo, se compone as\u00ed:<\/p>\n<p>&nbsp;<\/p>\n<p># <strong>Siete provincias en naranja<\/strong> (identifica los distritos en los que el promedio de suministro es de 20 litros por unidad): Chaco, Santiago del Estero, C\u00f3rdoba, San Juan, Mendoza, Buenos Aires y Ciudad de Buenos Aires).<\/p>\n<p>&nbsp;<\/p>\n<p># <strong>Cuatro provincias en amarillo<\/strong> (para referirse a los lugares en los que se cargan entre 21 y 50 litros por unidad, y entre 51 y 100 litros): Catamarca, La Rioja y San Luis, en el primer subgrupo, y La Pampa, en el segundo.<\/p>\n<p>&nbsp;<\/p>\n<p># Neuqu\u00e9n, R\u00edo Negro, Chubut, Santa Cruz y Tierra del Fuego son las \u00fanicas que aparecen <strong>en verde.<\/strong><\/p>\n<p>&nbsp;<\/p>\n<p>Fuente: <em>Agencia DIB<\/em><\/p>\n","protected":false},"excerpt":{"rendered":"<p>\u201cSe preve\u00eda un faltante de combustible, se va a importar m\u00e1s\u201d, reconoci\u00f3 el jefe de Gabinete, Juan Manzur.\u00a0El Mapa de<\/p>\n","protected":false},"author":4,"featured_media":56164,"comment_status":"closed","ping_status":"closed","sticky":false,"template":"","format":"standard","meta":{"_jetpack_memberships_contains_paid_content":false,"footnotes":""},"categories":[6,1],"tags":[],"class_list":["post-56162","post","type-post","status-publish","format-standard","has-post-thumbnail","hentry","category-nacionales","category-portada"],"jetpack_featured_media_url":"https:\/\/i0.wp.com\/cdnoticias.com\/wp-content\/uploads\/2022\/06\/dib-camion-ypf-combustible.jpg?fit=800%2C445&ssl=1","jetpack_sharing_enabled":true,"_links":{"self":[{"href":"https:\/\/cdnoticias.com\/index.php\/wp-json\/wp\/v2\/posts\/56162","targetHints":{"allow":["GET"]}}],"collection":[{"href":"https:\/\/cdnoticias.com\/index.php\/wp-json\/wp\/v2\/posts"}],"about":[{"href":"https:\/\/cdnoticias.com\/index.php\/wp-json\/wp\/v2\/types\/post"}],"author":[{"embeddable":true,"href":"https:\/\/cdnoticias.com\/index.php\/wp-json\/wp\/v2\/users\/4"}],"replies":[{"embeddable":true,"href":"https:\/\/cdnoticias.com\/index.php\/wp-json\/wp\/v2\/comments?post=56162"}],"version-history":[{"count":0,"href":"https:\/\/cdnoticias.com\/index.php\/wp-json\/wp\/v2\/posts\/56162\/revisions"}],"wp:featuredmedia":[{"embeddable":true,"href":"https:\/\/cdnoticias.com\/index.php\/wp-json\/wp\/v2\/media\/56164"}],"wp:attachment":[{"href":"https:\/\/cdnoticias.com\/index.php\/wp-json\/wp\/v2\/media?parent=56162"}],"wp:term":[{"taxonomy":"category","embeddable":true,"href":"https:\/\/cdnoticias.com\/index.php\/wp-json\/wp\/v2\/categories?post=56162"},{"taxonomy":"post_tag","embeddable":true,"href":"https:\/\/cdnoticias.com\/index.php\/wp-json\/wp\/v2\/tags?post=56162"}],"curies":[{"name":"wp","href":"https:\/\/api.w.org\/{rel}","templated":true}]}}