{"id":56135,"date":"2022-06-01T10:30:22","date_gmt":"2022-06-01T13:30:22","guid":{"rendered":"https:\/\/www.centraldenoticias.com.ar\/?p=56135"},"modified":"2022-06-01T13:46:26","modified_gmt":"2022-06-01T16:46:26","slug":"jose-stuppia-la-pelota-la-tiene-el-ejecutivo","status":"publish","type":"post","link":"https:\/\/cdnoticias.com\/index.php\/2022\/06\/01\/jose-stuppia-la-pelota-la-tiene-el-ejecutivo\/","title":{"rendered":"Jos\u00e9 Stuppia: \u201cla pelota la tiene el Ejecutivo\u201d"},"content":{"rendered":"<p>Lo afirm\u00f3 el secretario General del Sindicato de Trabajadores Municipales en el marco del recrudecimiento de las medidas de fuerza adoptadas respecto a la negociaci\u00f3n paritaria. El nombramiento de su hija en un cargo municipal y el aumento salarial del personal superior.<!--more--><\/p>\n<hr \/>\n<p>El secretario General del Sindicato de Trabajadores Municipales de Olavarr\u00eda (STMO) confirm\u00f3 que este mi\u00e9rcoles comenzaron a desarrollarse<strong> asambleas en el Hospital Municipal \u201cDr. H\u00e9ctor Cura\u201d<\/strong> en el marco de las negociaciones paritarias que llevan adelante.<\/p>\n<p>&nbsp;<\/p>\n<p>La semana pasada, se conoci\u00f3 a trav\u00e9s de <a href=\"https:\/\/cdnoticias.com\/index.php\/2022\/05\/27\/estado-de-asamblea-del-sindicato-de-municipales-tras-rechazo-en-la-paritaria\/\" target=\"_blank\" rel=\"noopener\">carteler\u00eda expuesta en dependencias municipales q<\/a>ue el Ejecutivo hab\u00eda rechazado el porcentaje de suba pedido por el gremio por lo que se declaraba el <strong>\u201cEstado de asamblea permanente, alerta y movilizaci\u00f3n\u201d.<\/strong><\/p>\n<p>&nbsp;<\/p>\n<p>En di\u00e1logo con el programa radial <strong>\u201cLevantate Sapiens\u201d (FM 102.7)<\/strong> Stuppia comunic\u00f3 que <strong>\u201choy se le inform\u00f3 al subsecretario de Trabajo de Olavarr\u00eda que comenz\u00e1bamos con la medida de asamblea permanente en el lugar de trabajo en el Hospital\u201d.<\/strong><\/p>\n<p>&nbsp;<\/p>\n<p><img data-recalc-dims=\"1\" loading=\"lazy\" decoding=\"async\" class=\"aligncenter wp-image-56137\" src=\"https:\/\/i0.wp.com\/cdnoticias.com\/wp-content\/uploads\/2022\/06\/WhatsApp-Image-2022-06-01-at-9.55.30-AM-2.jpeg?resize=800%2C600&#038;ssl=1\" alt=\"\" width=\"800\" height=\"600\" srcset=\"https:\/\/i0.wp.com\/cdnoticias.com\/wp-content\/uploads\/2022\/06\/WhatsApp-Image-2022-06-01-at-9.55.30-AM-2.jpeg?w=1600&amp;ssl=1 1600w, https:\/\/i0.wp.com\/cdnoticias.com\/wp-content\/uploads\/2022\/06\/WhatsApp-Image-2022-06-01-at-9.55.30-AM-2.jpeg?resize=300%2C225&amp;ssl=1 300w, https:\/\/i0.wp.com\/cdnoticias.com\/wp-content\/uploads\/2022\/06\/WhatsApp-Image-2022-06-01-at-9.55.30-AM-2.jpeg?resize=1024%2C768&amp;ssl=1 1024w, https:\/\/i0.wp.com\/cdnoticias.com\/wp-content\/uploads\/2022\/06\/WhatsApp-Image-2022-06-01-at-9.55.30-AM-2.jpeg?resize=768%2C576&amp;ssl=1 768w, https:\/\/i0.wp.com\/cdnoticias.com\/wp-content\/uploads\/2022\/06\/WhatsApp-Image-2022-06-01-at-9.55.30-AM-2.jpeg?resize=1536%2C1152&amp;ssl=1 1536w\" sizes=\"auto, (max-width: 800px) 100vw, 800px\" \/><\/p>\n<p>&nbsp;<\/p>\n<p>Indic\u00f3 que el contexto inflacionario que se \u201carrastra\u201d de los a\u00f1os 2020 y 2021 deriv\u00f3 en que \u201cllegamos muy mal al 2022\u201d. Por tal motivo, <strong>\u201cse necesita una recomposici\u00f3n salarial de alrededor del 70 por ciento hasta diciembre. El municipio est\u00e1 ofreciendo un 40 por ciento aproximado. Estamos muy lejos\u201d<\/strong>, asegur\u00f3.<\/p>\n<p>&nbsp;<\/p>\n<p>Por otra parte, indic\u00f3 que la medida adoptada le parece \u201csuficiente\u201d por lo que no dio indicio de incrementar las acciones. \u201c<strong>Lo que afecta al Hospital son los magros salarios de los trabajadores.<\/strong> En este pa\u00eds lo m\u00e1s bajo son los salarios. Nosotros queremos una recomposici\u00f3n para que los compa\u00f1eros puedan hacer frente a la Canasta B\u00e1sica Alimentaria y que se les pague lo que corresponde\u201d, se\u00f1al\u00f3.<\/p>\n<p>&nbsp;<\/p>\n<blockquote><p>Ahora, \u201cla pelota la tiene el Ejecutivo\u201d resalt\u00f3 el dirigente sindical.<\/p><\/blockquote>\n<p>&nbsp;<\/p>\n<p>Por otra parte y en relaci\u00f3n con la medida, cabe se\u00f1alar que desde el<strong> \u00e1rea de prensa municipal<\/strong> comunicaron que <strong>\u201cdebido a la medida de fuerza adoptada por STMO que se desarrolla en el Hospital Municipal, se reprogramar\u00e1n las atenciones y \u00fanicamente ser\u00e1n atendidas las urgencias\u201d.<\/strong><\/p>\n<p>&nbsp;<\/p>\n<p><img data-recalc-dims=\"1\" loading=\"lazy\" decoding=\"async\" class=\"aligncenter wp-image-56138\" src=\"https:\/\/i0.wp.com\/cdnoticias.com\/wp-content\/uploads\/2022\/06\/WhatsApp-Image-2022-06-01-at-9.55.30-AM-1.jpeg?resize=800%2C600&#038;ssl=1\" alt=\"\" width=\"800\" height=\"600\" srcset=\"https:\/\/i0.wp.com\/cdnoticias.com\/wp-content\/uploads\/2022\/06\/WhatsApp-Image-2022-06-01-at-9.55.30-AM-1.jpeg?w=1600&amp;ssl=1 1600w, https:\/\/i0.wp.com\/cdnoticias.com\/wp-content\/uploads\/2022\/06\/WhatsApp-Image-2022-06-01-at-9.55.30-AM-1.jpeg?resize=300%2C225&amp;ssl=1 300w, https:\/\/i0.wp.com\/cdnoticias.com\/wp-content\/uploads\/2022\/06\/WhatsApp-Image-2022-06-01-at-9.55.30-AM-1.jpeg?resize=1024%2C768&amp;ssl=1 1024w, https:\/\/i0.wp.com\/cdnoticias.com\/wp-content\/uploads\/2022\/06\/WhatsApp-Image-2022-06-01-at-9.55.30-AM-1.jpeg?resize=768%2C576&amp;ssl=1 768w, https:\/\/i0.wp.com\/cdnoticias.com\/wp-content\/uploads\/2022\/06\/WhatsApp-Image-2022-06-01-at-9.55.30-AM-1.jpeg?resize=1536%2C1152&amp;ssl=1 1536w\" sizes=\"auto, (max-width: 800px) 100vw, 800px\" \/><\/p>\n<p>&nbsp;<\/p>\n<p><b>Aumento salarial del personal superior<\/b><\/p>\n<p>&nbsp;<\/p>\n<p>Jos\u00e9 Stuppia opin\u00f3 tambi\u00e9n sobre el aumento por decreto del sueldo del personal superior municipal. \u201cSe lo merecen\u201d, afirm\u00f3.<\/p>\n<p>&nbsp;<\/p>\n<p>\u201cNosotros siempre nivelamos para arriba. <strong>Se lo merecen, como se lo merece el compa\u00f1ero que hace la limpieza del hospital o aquel que est\u00e1 atendiendo en el consultorio a los ciudadanos<\/strong>\u201d, dijo Stuppia.<\/p>\n<p>&nbsp;<\/p>\n<p>Y complet\u00f3: \u201cfrente a esta situaci\u00f3n estamos todos mal\u201d.<\/p>\n<p>&nbsp;<\/p>\n<p><img data-recalc-dims=\"1\" loading=\"lazy\" decoding=\"async\" class=\"aligncenter wp-image-56136\" src=\"https:\/\/i0.wp.com\/cdnoticias.com\/wp-content\/uploads\/2022\/06\/WhatsApp-Image-2022-06-01-at-9.55.31-AM.jpeg?resize=800%2C600&#038;ssl=1\" alt=\"\" width=\"800\" height=\"600\" srcset=\"https:\/\/i0.wp.com\/cdnoticias.com\/wp-content\/uploads\/2022\/06\/WhatsApp-Image-2022-06-01-at-9.55.31-AM.jpeg?w=1600&amp;ssl=1 1600w, https:\/\/i0.wp.com\/cdnoticias.com\/wp-content\/uploads\/2022\/06\/WhatsApp-Image-2022-06-01-at-9.55.31-AM.jpeg?resize=300%2C225&amp;ssl=1 300w, https:\/\/i0.wp.com\/cdnoticias.com\/wp-content\/uploads\/2022\/06\/WhatsApp-Image-2022-06-01-at-9.55.31-AM.jpeg?resize=1024%2C768&amp;ssl=1 1024w, https:\/\/i0.wp.com\/cdnoticias.com\/wp-content\/uploads\/2022\/06\/WhatsApp-Image-2022-06-01-at-9.55.31-AM.jpeg?resize=768%2C576&amp;ssl=1 768w, https:\/\/i0.wp.com\/cdnoticias.com\/wp-content\/uploads\/2022\/06\/WhatsApp-Image-2022-06-01-at-9.55.31-AM.jpeg?resize=1536%2C1152&amp;ssl=1 1536w\" sizes=\"auto, (max-width: 800px) 100vw, 800px\" \/><\/p>\n<p>&nbsp;<\/p>\n<p>\u201c<b>Luisa no se olvida del lugar de donde vino\u201d<\/b><\/p>\n<p>&nbsp;<\/p>\n<p>Consultado sobre si el nombramiento de su hija, la abogada Luisina Stuppia, como<strong> directora de Gesti\u00f3n del Municipio,<\/strong> puede condicionar la negociaci\u00f3n paritaria, el gremialista asegur\u00f3 que \u201cella es hija de un trabajador municipal y me parece b\u00e1rbaro que los hijos de los trabajadores municipales ingresen al Municipio\u201d.<\/p>\n<p>&nbsp;<\/p>\n<p><img data-recalc-dims=\"1\" loading=\"lazy\" decoding=\"async\" class=\"size-full wp-image-56148 aligncenter\" src=\"https:\/\/i0.wp.com\/cdnoticias.com\/wp-content\/uploads\/2022\/06\/luisina-stuppia-00.jpg?resize=800%2C445&#038;ssl=1\" alt=\"\" width=\"800\" height=\"445\" srcset=\"https:\/\/i0.wp.com\/cdnoticias.com\/wp-content\/uploads\/2022\/06\/luisina-stuppia-00.jpg?w=800&amp;ssl=1 800w, https:\/\/i0.wp.com\/cdnoticias.com\/wp-content\/uploads\/2022\/06\/luisina-stuppia-00.jpg?resize=300%2C167&amp;ssl=1 300w, https:\/\/i0.wp.com\/cdnoticias.com\/wp-content\/uploads\/2022\/06\/luisina-stuppia-00.jpg?resize=768%2C427&amp;ssl=1 768w\" sizes=\"auto, (max-width: 800px) 100vw, 800px\" \/><\/p>\n<p>&nbsp;<\/p>\n<p>\u201cEs una profesional y la ubicaron en ese lugar.<strong> Me parece perfecto que est\u00e9 trabajando como la hija de cualquier otro municipal que ha ingresado<\/strong>\u201d resalt\u00f3.<\/p>\n<p>&nbsp;<\/p>\n<p>Por \u00faltimo, indic\u00f3 que \u201cLuisa no se olvida del lugar de donde vino y seguramente va a estar del lado de los trabajadores\u201d.<\/p>\n","protected":false},"excerpt":{"rendered":"<p>Lo afirm\u00f3 el secretario General del Sindicato de Trabajadores Municipales en el marco del recrudecimiento de las medidas de fuerza<\/p>\n","protected":false},"author":5,"featured_media":4168,"comment_status":"closed","ping_status":"closed","sticky":false,"template":"","format":"standard","meta":{"_jetpack_memberships_contains_paid_content":false,"footnotes":""},"categories":[5,1],"tags":[],"class_list":["post-56135","post","type-post","status-publish","format-standard","has-post-thumbnail","hentry","category-informacion-general","category-portada"],"jetpack_featured_media_url":"https:\/\/i0.wp.com\/cdnoticias.com\/wp-content\/uploads\/2020\/10\/WhatsApp-Image-2020-10-17-at-11.47.53.jpeg?fit=1280%2C855&ssl=1","jetpack_sharing_enabled":true,"_links":{"self":[{"href":"https:\/\/cdnoticias.com\/index.php\/wp-json\/wp\/v2\/posts\/56135","targetHints":{"allow":["GET"]}}],"collection":[{"href":"https:\/\/cdnoticias.com\/index.php\/wp-json\/wp\/v2\/posts"}],"about":[{"href":"https:\/\/cdnoticias.com\/index.php\/wp-json\/wp\/v2\/types\/post"}],"author":[{"embeddable":true,"href":"https:\/\/cdnoticias.com\/index.php\/wp-json\/wp\/v2\/users\/5"}],"replies":[{"embeddable":true,"href":"https:\/\/cdnoticias.com\/index.php\/wp-json\/wp\/v2\/comments?post=56135"}],"version-history":[{"count":0,"href":"https:\/\/cdnoticias.com\/index.php\/wp-json\/wp\/v2\/posts\/56135\/revisions"}],"wp:featuredmedia":[{"embeddable":true,"href":"https:\/\/cdnoticias.com\/index.php\/wp-json\/wp\/v2\/media\/4168"}],"wp:attachment":[{"href":"https:\/\/cdnoticias.com\/index.php\/wp-json\/wp\/v2\/media?parent=56135"}],"wp:term":[{"taxonomy":"category","embeddable":true,"href":"https:\/\/cdnoticias.com\/index.php\/wp-json\/wp\/v2\/categories?post=56135"},{"taxonomy":"post_tag","embeddable":true,"href":"https:\/\/cdnoticias.com\/index.php\/wp-json\/wp\/v2\/tags?post=56135"}],"curies":[{"name":"wp","href":"https:\/\/api.w.org\/{rel}","templated":true}]}}