{"id":5612,"date":"2020-11-04T13:24:25","date_gmt":"2020-11-04T16:24:25","guid":{"rendered":"http:\/\/www.centraldenoticias.com.ar\/?p=5612"},"modified":"2020-11-04T13:24:25","modified_gmt":"2020-11-04T16:24:25","slug":"el-municipio-participo-de-una-importante-jornada-de-genero","status":"publish","type":"post","link":"https:\/\/cdnoticias.com\/index.php\/2020\/11\/04\/el-municipio-participo-de-una-importante-jornada-de-genero\/","title":{"rendered":"El Municipio particip\u00f3 de una importante jornada de G\u00e9nero"},"content":{"rendered":"<p>Se trata del primer conversatorio virtual organizado por el Colegio de Magistrados y Funcionarios del Poder Judicial de la Provincia. Habr\u00e1 varios encuentros en noviembre.<!--more--><\/p>\n<hr \/>\n<p><strong>El Municipio de Olavarr\u00eda, a trav\u00e9s de la Direcci\u00f3n de Pol\u00edticas de G\u00e9nero, particip\u00f3 este lunes del primer conversatorio virtual sobre \u00a8Estrategias y recursos para el abordaje de la violencia familiar y de g\u00e9nero\u00a8<\/strong>, organizado por el Colegio de Magistrados y Funcionarios del Poder Judicial de la Provincia de Buenos Aires, en el marco del mes de la eliminaci\u00f3n de la violencia contra la mujer.<\/p>\n<p>&nbsp;<\/p>\n<blockquote><p>Este lunes fue el primero de varios encuentros que se realizar\u00e1n en el mes de noviembre -mediante plataforma Zoom- en todos los departamentos judiciales de la Provincia.<\/p><\/blockquote>\n<p>&nbsp;<\/p>\n<p>En esta oportunidad,<strong> participaron diferentes organizaciones civiles y estatales para dialogar sobre <em>\u201cel abordaje de la violencia familiar y de g\u00e9nero y las diversas herramientas con las que cuentan en el departamento judicial\u201d.<\/em><\/strong><\/p>\n<p>&nbsp;<\/p>\n<p><strong>Disertaron referentes del Gobierno provincial, del Poder Judicial, del Ejecutivo y asociaciones civiles en la materia.<\/strong> En representaci\u00f3n de nuestro Municipio, particip\u00f3 la Dra. Jimena Torres, coordinadora del \u00e1rea de abordaje la Direcci\u00f3n de Pol\u00edticas de G\u00e9nero de la Subsecretar\u00eda de Derechos, Igualdad y Oportunidades, para<em> \u201crelatar la experiencia de la Direcci\u00f3n, brindar detalles del recorrido y aprendizajes en materia de gesti\u00f3n de pol\u00edticas p\u00fablicas en corresponsabilidad con las diversas organizaciones que integran el circuito de abordaje de la violencia familiar y de g\u00e9nero\u201d.<\/em><\/p>\n<p>&nbsp;<\/p>\n<p>Se marc\u00f3 la importancia de <strong>mantener capacitaciones, fortalecer la perspectiva de g\u00e9nero en el Poder Judicial y en todos los organismos que brinden servicios p\u00fablicos de atenci\u00f3n ante esta problem\u00e1tica.<\/strong><\/p>\n<p>&nbsp;<\/p>\n<blockquote><p>Desde la Direcci\u00f3n de Pol\u00edticas de G\u00e9nero, expresaron \u201cla satisfacci\u00f3n de poder participar de estos encuentros e intercambiar experiencias con referentes y organizaciones involucradas en la materia\u201d.<\/p><\/blockquote>\n<p>&nbsp;<\/p>\n<p><em>\u201cGracias al Zoom se pueden generar estos encuentros en el marco de la emergencia sanitaria por COVID 19, sumado al tema de la distancia geogr\u00e1fica, que siempre es una desventaja, as\u00ed que fue muy productivo compartir con referentes de diversas ciudades a trav\u00e9s de estos medios digitales, contar nuestras experiencias y marcar puntos de importancia\u201d<\/em>, destac\u00f3 la Coordinadora Jimena Torres.<\/p>\n","protected":false},"excerpt":{"rendered":"<p>Se trata del primer conversatorio virtual organizado por el Colegio de Magistrados y Funcionarios del Poder Judicial de la Provincia.<\/p>\n","protected":false},"author":2,"featured_media":3076,"comment_status":"closed","ping_status":"closed","sticky":false,"template":"","format":"standard","meta":{"_jetpack_memberships_contains_paid_content":false,"footnotes":""},"categories":[3,1],"tags":[],"class_list":["post-5612","post","type-post","status-publish","format-standard","has-post-thumbnail","hentry","category-genero","category-portada"],"jetpack_featured_media_url":"https:\/\/i0.wp.com\/cdnoticias.com\/wp-content\/uploads\/2020\/10\/Pol%C3%ADticas-de-G%C3%A9nero-1024x682.jpg?fit=1024%2C682&ssl=1","jetpack_sharing_enabled":true,"_links":{"self":[{"href":"https:\/\/cdnoticias.com\/index.php\/wp-json\/wp\/v2\/posts\/5612","targetHints":{"allow":["GET"]}}],"collection":[{"href":"https:\/\/cdnoticias.com\/index.php\/wp-json\/wp\/v2\/posts"}],"about":[{"href":"https:\/\/cdnoticias.com\/index.php\/wp-json\/wp\/v2\/types\/post"}],"author":[{"embeddable":true,"href":"https:\/\/cdnoticias.com\/index.php\/wp-json\/wp\/v2\/users\/2"}],"replies":[{"embeddable":true,"href":"https:\/\/cdnoticias.com\/index.php\/wp-json\/wp\/v2\/comments?post=5612"}],"version-history":[{"count":0,"href":"https:\/\/cdnoticias.com\/index.php\/wp-json\/wp\/v2\/posts\/5612\/revisions"}],"wp:featuredmedia":[{"embeddable":true,"href":"https:\/\/cdnoticias.com\/index.php\/wp-json\/wp\/v2\/media\/3076"}],"wp:attachment":[{"href":"https:\/\/cdnoticias.com\/index.php\/wp-json\/wp\/v2\/media?parent=5612"}],"wp:term":[{"taxonomy":"category","embeddable":true,"href":"https:\/\/cdnoticias.com\/index.php\/wp-json\/wp\/v2\/categories?post=5612"},{"taxonomy":"post_tag","embeddable":true,"href":"https:\/\/cdnoticias.com\/index.php\/wp-json\/wp\/v2\/tags?post=5612"}],"curies":[{"name":"wp","href":"https:\/\/api.w.org\/{rel}","templated":true}]}}